{"id":50496,"date":"2021-07-08T14:58:22","date_gmt":"2021-07-08T14:58:22","guid":{"rendered":"https:\/\/jorgezanoni.com.br\/2019\/?p=50496"},"modified":"2021-07-08T14:58:22","modified_gmt":"2021-07-08T14:58:22","slug":"vacina-contra-a-gripe-sera-oferecida-a-toda-a-populacao-de-dracena","status":"publish","type":"post","link":"https:\/\/jorgezanoni.com.br\/2019\/vacina-contra-a-gripe-sera-oferecida-a-toda-a-populacao-de-dracena\/","title":{"rendered":"Vacina contra a Gripe ser\u00e1 oferecida a toda a popula\u00e7\u00e3o de Dracena"},"content":{"rendered":"<div class=\"ntc_resumo_noticia sw_lato_bold\" style=\"text-align: justify;\">A partir da pr\u00f3xima semana, todas as pessoas devem procurar o servi\u00e7o para receber o imunizante contra a gripe comum<\/div>\n<div class=\"ntc_descricao_noticia\">\n<div class=\"ntc_cont_descricao_noticia sw_txteditor\">\n<div style=\"text-align: justify;\">O Estado de S\u00e3o Paulo decidiu ampliar a campanha de vacina\u00e7\u00e3o contra a gripe a partir de segunda-feira, 12. Sendo assim, na pr\u00f3xima semana \u2013 de segunda a sexta, 12 a 16, a vacina da gripe estar\u00e1 dispon\u00edvel no munic\u00edpio de Dracena para toda a popula\u00e7\u00e3o das 13h \u00e0s 16h nos seguintes locais:<\/p>\n<p>&#8211; ESF do Jardim Brasil\u00e2ndia<br \/>\n&#8211; Posto do Jardim Santa Clara<br \/>\n&#8211; Posto do Frei Moacir I<br \/>\n&#8211; Posto do Jardim Campo Belo<br \/>\n&#8211; CAPS AD II (Jardim Jussara)<\/p>\n<p><strong>P\u00daBLICO INFANTIL<\/strong><br \/>\nCrian\u00e7as menores de 6 anos continuam recebendo a vacina da gripe na Sala de Vacina, na Policl\u00ednica (Bairro S\u00e3o Crist\u00f3v\u00e3o), das 7h \u00e0s 13h.<\/p>\n<p><strong>ATEN\u00c7\u00c3O<\/strong><br \/>\nPra tomar a vacina da gripe n\u00e3o pode ter tomado a vacina da COVID nos \u00faltimos 14 dias.<br \/>\nO Instituto Butantan disponibiliza ao Brasil 80 milh\u00f5es de doses para a campanha nacional, com produ\u00e7\u00e3o integral do imunizante e sem necessidade de importa\u00e7\u00e3o de mat\u00e9ria-prima. O imunizante deste ano \u00e9 constitu\u00eddo por tr\u00eas cepas de Influenza: A\/Victoria\/2570\/2018 (H1N1)pdm09; A\/Hong Kong\/2671\/2019 (H3N2); e B\/Washington\/02\/2019 (linhagem B\/Victoria).Em 2020, o Estado de S\u00e3o Paulo registrou 809 casos de S\u00edndrome Respirat\u00f3ria Aguda Grave (SRAG) atribu\u00edveis ao v\u00edrus Influenza e 119 \u00f3bitos.<br \/>\nA vacina \u00e9 totalmente segura e n\u00e3o causa gripe, pois \u00e9 composta apenas de fragmentos do v\u00edrus que garantem a devida prote\u00e7\u00e3o.<\/div>\n<div style=\"text-align: justify;\"><\/div>\n<div style=\"text-align: justify;\">Fonte: Diretoria de Comunica\u00e7\u00e3o\n<\/div>\n<\/div>\n<\/div>\n","protected":false},"excerpt":{"rendered":"<p>A partir da pr\u00f3xima semana, todas as pessoas devem procurar o servi\u00e7o para receber o imunizante contra a gripe comum O Estado de S\u00e3o Paulo decidiu ampliar a campanha de vacina\u00e7\u00e3o contra a gripe a partir de segunda-feira, 12. Sendo assim, na pr\u00f3xima semana \u2013 de segunda a sexta, 12 a 16, a vacina da [&hellip;]<\/p>\n","protected":false},"author":1,"featured_media":50497,"comment_status":"closed","ping_status":"open","sticky":false,"template":"","format":"standard","meta":{"footnotes":""},"categories":[179,184,110],"tags":[],"class_list":["post-50496","post","type-post","status-publish","format-standard","has-post-thumbnail","hentry","category-cidadeseregiao","category-dracena","category-noticiasdestaque"],"_links":{"self":[{"href":"https:\/\/jorgezanoni.com.br\/2019\/wp-json\/wp\/v2\/posts\/50496","targetHints":{"allow":["GET"]}}],"collection":[{"href":"https:\/\/jorgezanoni.com.br\/2019\/wp-json\/wp\/v2\/posts"}],"about":[{"href":"https:\/\/jorgezanoni.com.br\/2019\/wp-json\/wp\/v2\/types\/post"}],"author":[{"embeddable":true,"href":"https:\/\/jorgezanoni.com.br\/2019\/wp-json\/wp\/v2\/users\/1"}],"replies":[{"embeddable":true,"href":"https:\/\/jorgezanoni.com.br\/2019\/wp-json\/wp\/v2\/comments?post=50496"}],"version-history":[{"count":0,"href":"https:\/\/jorgezanoni.com.br\/2019\/wp-json\/wp\/v2\/posts\/50496\/revisions"}],"wp:featuredmedia":[{"embeddable":true,"href":"https:\/\/jorgezanoni.com.br\/2019\/wp-json\/wp\/v2\/media\/50497"}],"wp:attachment":[{"href":"https:\/\/jorgezanoni.com.br\/2019\/wp-json\/wp\/v2\/media?parent=50496"}],"wp:term":[{"taxonomy":"category","embeddable":true,"href":"https:\/\/jorgezanoni.com.br\/2019\/wp-json\/wp\/v2\/categories?post=50496"},{"taxonomy":"post_tag","embeddable":true,"href":"https:\/\/jorgezanoni.com.br\/2019\/wp-json\/wp\/v2\/tags?post=50496"}],"curies":[{"name":"wp","href":"https:\/\/api.w.org\/{rel}","templated":true}]}}