{"id":50493,"date":"2021-07-08T14:43:17","date_gmt":"2021-07-08T14:43:17","guid":{"rendered":"https:\/\/jorgezanoni.com.br\/2019\/?p=50493"},"modified":"2021-07-08T14:43:17","modified_gmt":"2021-07-08T14:43:17","slug":"onibus-com-time-do-umuarama-futsal-tomba-mata-duas-pessoas-e-fere-20-na-br-376","status":"publish","type":"post","link":"https:\/\/jorgezanoni.com.br\/2019\/onibus-com-time-do-umuarama-futsal-tomba-mata-duas-pessoas-e-fere-20-na-br-376\/","title":{"rendered":"\u00d4nibus com time do Umuarama Futsal tomba, mata duas pessoas e fere 20 na BR-376"},"content":{"rendered":"<h2 class=\"content-head__subtitle\" style=\"text-align: justify;\"><strong>Acidente aconteceu na altura do km 667, na descida da Serra do Mar, segundo a concession\u00e1ria que administra o trecho. Ve\u00edculo saiu do noroeste do Paran\u00e1 com destino a Jaragu\u00e1 do Sul, em Santa Catarina.<\/strong><\/h2>\n<div class=\"mc-column content-text active-extra-styles \" data-block-type=\"unstyled\" data-block-weight=\"46\" data-block-id=\"2\">\n<p class=\"content-text__container \" style=\"text-align: justify;\" data-track-category=\"Link no Texto\" data-track-links=\"\">Um \u00f4nibus com o time do Umuarama Futsal, do noroeste do Paran\u00e1, tombou na BR-376, em Guaratuba, no litoral do estado, na manh\u00e3 desta quinta-feira (8). Segundo a concession\u00e1ria que administra o trecho, duas pessoas morreram, duas ficaram gravemente feridas e outras 18 tiveram ferimentos leves. Um v\u00eddeo mostra o momento em que o \u00f4nibus tomba na rodovia.<\/p>\n<div class=\"mc-column content-text active-extra-styles \" style=\"text-align: justify;\" data-block-type=\"unstyled\" data-block-weight=\"42\" data-block-id=\"4\">\n<p class=\"content-text__container \" data-track-category=\"Link no Texto\" data-track-links=\"\">A Pol\u00edcia Rodovi\u00e1ria Federal (PRF) informou que os mortos no acidente s\u00e3o o motorista do ve\u00edculo e um passageiro que viajava nos fundos do \u00f4nibus. De acordo com a Secretaria Municipal de Esportes de Umuarama, o \u00f4nibus pertencia ao pr\u00f3prio Umuarama Futsal.<\/p>\n<\/div>\n<div class=\"mc-column content-text active-extra-styles \" data-block-type=\"unstyled\" data-block-weight=\"38\" data-block-id=\"5\">\n<p class=\"content-text__container \" style=\"text-align: justify;\" data-track-category=\"Link no Texto\" data-track-links=\"\">Segundo a PRF, o acidente aconteceu na altura do km 667, no sentido Santa Catarina. Em janeiro,\u00a0<a href=\"https:\/\/g1.globo.com\/pr\/parana\/noticia\/2021\/01\/25\/acidente-com-onibus-deixa-mortos-e-feridos-na-br-376-em-guaratuba-diz-prf.ghtml\">um outro acidente mais grave envolvendo um \u00f4nibus aconteceu a um quil\u00f4metro do trecho, deixando 19 mortos e 31 feridos<\/a>.<\/p>\n<div class=\"mc-column content-text active-extra-styles \" style=\"text-align: justify;\" data-block-type=\"unstyled\" data-block-weight=\"39\" data-block-id=\"10\">\n<p class=\"content-text__container \" data-track-category=\"Link no Texto\" data-track-links=\"\">O t\u00e9cnico da equipe, Nei Victor, estava no \u00f4nibus e disse que o time viajava para Jaragu\u00e1 do Sul, onde disputaria uma partida pela Ta\u00e7a Brasil de Futsal. O time catarinense emitiu uma nota informando o cancelamento da partida.<\/p>\n<\/div>\n<div class=\"mc-column content-text active-extra-styles \" style=\"text-align: justify;\" data-block-type=\"unstyled\" data-block-weight=\"27\" data-block-id=\"11\">\n<p class=\"content-text__container \" data-track-category=\"Link no Texto\" data-track-links=\"\">Segundo a concession\u00e1ria que administra o trecho, os feridos foram levados para o Hospital S\u00e3o Jos\u00e9 de Joinville e o Pronto Atendimento de Garuva, em Santa Catarina.<\/p>\n<\/div>\n<div class=\"mc-column content-text active-extra-styles \" style=\"text-align: justify;\" data-block-type=\"unstyled\" data-block-weight=\"27\" data-block-id=\"12\">\n<p class=\"content-text__container \" data-track-category=\"Link no Texto\" data-track-links=\"\">A concession\u00e1ria que administra o trecho informou que uma carreta e um carro tamb\u00e9m se envolveram na batida, mas nenhum dos ocupantes destes dois ve\u00edculos ficaram feridos.<\/p>\n<\/div>\n<div class=\"mc-column content-text active-extra-styles \" style=\"text-align: justify;\" data-block-type=\"unstyled\" data-block-weight=\"16\" data-block-id=\"13\">\n<p class=\"content-text__container \" data-track-category=\"Link no Texto\" data-track-links=\"\">De acordo com a Pol\u00edcia Rodovi\u00e1ria Federal (PRF), a pista est\u00e1 bloqueada para atendimento da ocorr\u00eancia.<\/p>\n<\/div>\n<div class=\"mc-column content-text active-extra-styles\" style=\"text-align: justify;\" data-block-type=\"raw\" data-block-weight=\"3\" data-block-id=\"14\">\n<div class=\"content-intertitle\">\n<h2>Causa do acidente<\/h2>\n<\/div>\n<\/div>\n<div class=\"mc-column content-text active-extra-styles \" style=\"text-align: justify;\" data-block-type=\"unstyled\" data-block-weight=\"21\" data-block-id=\"15\">\n<p class=\"content-text__container \" data-track-category=\"Link no Texto\" data-track-links=\"\">Segundo a Pol\u00edcia Rodovi\u00e1ria Federal (PRF), uma per\u00edcia ser\u00e1 feita no local e no ve\u00edculo para identificar a causa do acidente.<\/p>\n<\/div>\n<div class=\"mc-column content-text active-extra-styles \" style=\"text-align: justify;\" data-block-type=\"unstyled\" data-block-weight=\"14\" data-block-id=\"16\">\n<p class=\"content-text__container \" data-track-category=\"Link no Texto\" data-track-links=\"\">A dire\u00e7\u00e3o do Umuarama Futsal informou que a manuten\u00e7\u00e3o do \u00f4nibus estava em dia.<\/p>\n<\/div>\n<div class=\"row medium-uncollapsed content-media content-photo\" style=\"text-align: justify;\" data-block-type=\"backstage-photo\" data-block-id=\"17\">\n<div class=\"mc-column content-media__container\">\n<div class=\"content-media-container glb-skeleton-box\">\n<figure class=\"content-media-figure\"><img decoding=\"async\" class=\"i-amphtml-fill-content i-amphtml-replaced-content\" src=\"https:\/\/s2.glbimg.com\/GFV4_LPfo9f7CvFlhbfwAtxAZCE=\/0x0:1280x720\/984x0\/smart\/filters:strip_icc()\/i.s3.glbimg.com\/v1\/AUTH_59edd422c0c84a879bd37670ae4f538a\/internal_photos\/bs\/2021\/T\/x\/5AROvCTruSxAk87VsUOw\/3014f266-6299-44f7-972a-6ae1e5e21515.jpg\" sizes=\"(max-width: 1366px) 648px, 100vw\" srcset=\"https:\/\/s2.glbimg.com\/n5cOLZzx5nORUI4ikByzxWxRKlc=\/0x0:1280x720\/1000x0\/smart\/filters:strip_icc()\/i.s3.glbimg.com\/v1\/AUTH_59edd422c0c84a879bd37670ae4f538a\/internal_photos\/bs\/2021\/T\/x\/5AROvCTruSxAk87VsUOw\/3014f266-6299-44f7-972a-6ae1e5e21515.jpg 1000w, https:\/\/s2.glbimg.com\/GFV4_LPfo9f7CvFlhbfwAtxAZCE=\/0x0:1280x720\/984x0\/smart\/filters:strip_icc()\/i.s3.glbimg.com\/v1\/AUTH_59edd422c0c84a879bd37670ae4f538a\/internal_photos\/bs\/2021\/T\/x\/5AROvCTruSxAk87VsUOw\/3014f266-6299-44f7-972a-6ae1e5e21515.jpg 984w, https:\/\/s2.glbimg.com\/vdt0FX_Ksd87FI-43MkZf5D4nCc=\/0x0:1280x720\/640x0\/smart\/filters:strip_icc()\/i.s3.glbimg.com\/v1\/AUTH_59edd422c0c84a879bd37670ae4f538a\/internal_photos\/bs\/2021\/T\/x\/5AROvCTruSxAk87VsUOw\/3014f266-6299-44f7-972a-6ae1e5e21515.jpg 640w, https:\/\/s2.glbimg.com\/QEIRkKwQqOwEg_SeHTf9O51yuxU=\/0x0:1280x720\/600x0\/smart\/filters:strip_icc()\/i.s3.glbimg.com\/v1\/AUTH_59edd422c0c84a879bd37670ae4f538a\/internal_photos\/bs\/2021\/T\/x\/5AROvCTruSxAk87VsUOw\/3014f266-6299-44f7-972a-6ae1e5e21515.jpg 600w\" alt=\"Acidente com \u00f4nibus deixa mortos e feridos na BR-376 em Guaratuba, diz concession\u00e1ria  \u2014 Foto: Divulga\u00e7\u00e3o\/PRF\" \/><\/figure>\n<\/div>\n<p class=\"content-media__description \">Acidente com \u00f4nibus deixa mortos e feridos na BR-376 em Guaratuba, diz concession\u00e1ria \u2014 Foto: Divulga\u00e7\u00e3o\/PRF<\/p>\n<\/div>\n<\/div>\n<div class=\"mc-column content-text active-extra-styles\" style=\"text-align: justify;\" data-block-type=\"raw\" data-block-weight=\"3\" data-block-id=\"18\">\n<div class=\"content-intertitle\">\n<h2>Acidente em janeiro<\/h2>\n<\/div>\n<\/div>\n<div class=\"mc-column content-text active-extra-styles \" style=\"text-align: justify;\" data-block-type=\"unstyled\" data-block-weight=\"25\" data-block-id=\"19\">\n<p class=\"content-text__container \" data-track-category=\"Link no Texto\" data-track-links=\"\">O acidente aconteceu a cerca de um quil\u00f4metro da Curva da Santa, onde, em janeiro, uma outra batida deixou\u00a0<a href=\"https:\/\/g1.globo.com\/pr\/parana\/noticia\/2021\/01\/26\/veja-quem-sao-as-vitimas-que-morreram-no-acidente-com-onibus-na-br-376-em-guaratuba.ghtml\">19 mortos e 31 feridos<\/a>.<\/p>\n<\/div>\n<div class=\"mc-column content-text active-extra-styles \" data-block-type=\"unstyled\" data-block-weight=\"23\" data-block-id=\"20\">\n<p class=\"content-text__container \" style=\"text-align: justify;\" data-track-category=\"Link no Texto\" data-track-links=\"\">Segundo a pol\u00edcia, um \u00f4nibus desgovernado bateu na mureta de conten\u00e7\u00e3o \u00e0s margens da rodovia e saiu da pista.<\/p>\n<div class=\"mc-column content-text active-extra-styles \" style=\"text-align: justify;\" data-block-type=\"unstyled\" data-block-weight=\"8\" data-block-id=\"23\">\n<p class=\"content-text__container \" data-track-category=\"Link no Texto\" data-track-links=\"\">O \u00f4nibus viajava do Par\u00e1 para Santa Catarina.<\/p>\n<\/div>\n<div class=\"mc-column content-text active-extra-styles \" data-block-type=\"unstyled\" data-block-weight=\"29\" data-block-id=\"24\">\n<p class=\"content-text__container \" style=\"text-align: justify;\" data-track-category=\"Link no Texto\" data-track-links=\"\">O laudo pericial do acidente feito pela Pol\u00edcia Cient\u00edfica do Paran\u00e1 apontou que\u00a0<a href=\"https:\/\/g1.globo.com\/pr\/parana\/noticia\/2021\/05\/25\/envolvidos-em-acidente-que-matou-19-pessoas-no-parana-sao-alvos-de-operacao-da-policia-civil.ghtml\">o motorista trafegava em alta velocidade e que o freio funcionava parcialmente<\/a>, no momento do acidente.<\/p>\n<p style=\"text-align: justify;\" data-track-category=\"Link no Texto\" data-track-links=\"\">Fonte: https:\/\/g1.globo.com\/pr\/parana\/noticia\/2021\/07\/08\/acidente-com-onibus-deixa-mortos-e-feridos-na-br-376-em-guaratuba-diz-concessionaria.ghtml<\/p>\n<p style=\"text-align: justify;\" data-track-category=\"Link no Texto\" data-track-links=\"\">Comp. Jorge Zanoni<\/p>\n<\/div>\n<\/div>\n<\/div>\n<\/div>\n","protected":false},"excerpt":{"rendered":"<p>Acidente aconteceu na altura do km 667, na descida da Serra do Mar, segundo a concession\u00e1ria que administra o trecho. Ve\u00edculo saiu do noroeste do Paran\u00e1 com destino a Jaragu\u00e1 do Sul, em Santa Catarina. Um \u00f4nibus com o time do Umuarama Futsal, do noroeste do Paran\u00e1, tombou na BR-376, em Guaratuba, no litoral do [&hellip;]<\/p>\n","protected":false},"author":1,"featured_media":50494,"comment_status":"closed","ping_status":"open","sticky":false,"template":"","format":"standard","meta":{"footnotes":""},"categories":[170,110],"tags":[],"class_list":["post-50493","post","type-post","status-publish","format-standard","has-post-thumbnail","hentry","category-acidentes","category-noticiasdestaque"],"_links":{"self":[{"href":"https:\/\/jorgezanoni.com.br\/2019\/wp-json\/wp\/v2\/posts\/50493","targetHints":{"allow":["GET"]}}],"collection":[{"href":"https:\/\/jorgezanoni.com.br\/2019\/wp-json\/wp\/v2\/posts"}],"about":[{"href":"https:\/\/jorgezanoni.com.br\/2019\/wp-json\/wp\/v2\/types\/post"}],"author":[{"embeddable":true,"href":"https:\/\/jorgezanoni.com.br\/2019\/wp-json\/wp\/v2\/users\/1"}],"replies":[{"embeddable":true,"href":"https:\/\/jorgezanoni.com.br\/2019\/wp-json\/wp\/v2\/comments?post=50493"}],"version-history":[{"count":0,"href":"https:\/\/jorgezanoni.com.br\/2019\/wp-json\/wp\/v2\/posts\/50493\/revisions"}],"wp:featuredmedia":[{"embeddable":true,"href":"https:\/\/jorgezanoni.com.br\/2019\/wp-json\/wp\/v2\/media\/50494"}],"wp:attachment":[{"href":"https:\/\/jorgezanoni.com.br\/2019\/wp-json\/wp\/v2\/media?parent=50493"}],"wp:term":[{"taxonomy":"category","embeddable":true,"href":"https:\/\/jorgezanoni.com.br\/2019\/wp-json\/wp\/v2\/categories?post=50493"},{"taxonomy":"post_tag","embeddable":true,"href":"https:\/\/jorgezanoni.com.br\/2019\/wp-json\/wp\/v2\/tags?post=50493"}],"curies":[{"name":"wp","href":"https:\/\/api.w.org\/{rel}","templated":true}]}}