{"id":50468,"date":"2021-07-07T23:47:37","date_gmt":"2021-07-07T23:47:37","guid":{"rendered":"https:\/\/jorgezanoni.com.br\/2019\/?p=50468"},"modified":"2021-07-07T23:47:37","modified_gmt":"2021-07-07T23:47:37","slug":"mae-e-filho-ficam-feridos-apos-colidir-veiculo-contra-arvore","status":"publish","type":"post","link":"https:\/\/jorgezanoni.com.br\/2019\/mae-e-filho-ficam-feridos-apos-colidir-veiculo-contra-arvore\/","title":{"rendered":"M\u00e3e e filho ficam feridos ap\u00f3s colidir ve\u00edculo contra \u00e1rvore"},"content":{"rendered":"<p style=\"text-align: justify;\">Duas pessoas, m\u00e3e e filho, ficaram levemente feridos ap\u00f3s colidir carro contra uma \u00e1rvore, no bairro \u00c1lvaro Campoy, na tarde desta quarta-feira (07), em Osvaldo Cruz.<\/p>\n<p style=\"text-align: justify;\">Segundo informa\u00e7\u00f5es, o ve\u00edculo Gol, que era conduzido por uma mulher, de 56 anos, colidiu contra a \u00e1rvore ap\u00f3s a condutora se sentir mau.<\/p>\n<p style=\"text-align: justify;\">Com o impacto, a m\u00e3e e o filho sofreram alguns ferimentos na face, n\u00e3o aparentando ser grave, recebendo os primeiros socorros do Bombeiro C\u00edvil Cl\u00e9ber, que passava pelo local, at\u00e9 a chegada da Unidade Resgate que encaminhou ambos para a Santa Casa.<\/p>\n<p style=\"text-align: justify;\">A Pol\u00edcia Militar esteve pelo local e registrou a ocorr\u00eancia de acidente de tr\u00e2nsito com v\u00edtimas.<\/p>\n<p>Fonte: CN News &#8211; Cristiano Nascimento<\/p>\n<p>&nbsp;<\/p>\n","protected":false},"excerpt":{"rendered":"<p>Duas pessoas, m\u00e3e e filho, ficaram levemente feridos ap\u00f3s colidir carro contra uma \u00e1rvore, no bairro \u00c1lvaro Campoy, na tarde desta quarta-feira (07), em Osvaldo Cruz. Segundo informa\u00e7\u00f5es, o ve\u00edculo Gol, que era conduzido por uma mulher, de 56 anos, colidiu contra a \u00e1rvore ap\u00f3s a condutora se sentir mau. Com o impacto, a m\u00e3e [&hellip;]<\/p>\n","protected":false},"author":1,"featured_media":50469,"comment_status":"closed","ping_status":"open","sticky":false,"template":"","format":"standard","meta":{"footnotes":""},"categories":[170,110],"tags":[],"class_list":["post-50468","post","type-post","status-publish","format-standard","has-post-thumbnail","hentry","category-acidentes","category-noticiasdestaque"],"_links":{"self":[{"href":"https:\/\/jorgezanoni.com.br\/2019\/wp-json\/wp\/v2\/posts\/50468","targetHints":{"allow":["GET"]}}],"collection":[{"href":"https:\/\/jorgezanoni.com.br\/2019\/wp-json\/wp\/v2\/posts"}],"about":[{"href":"https:\/\/jorgezanoni.com.br\/2019\/wp-json\/wp\/v2\/types\/post"}],"author":[{"embeddable":true,"href":"https:\/\/jorgezanoni.com.br\/2019\/wp-json\/wp\/v2\/users\/1"}],"replies":[{"embeddable":true,"href":"https:\/\/jorgezanoni.com.br\/2019\/wp-json\/wp\/v2\/comments?post=50468"}],"version-history":[{"count":0,"href":"https:\/\/jorgezanoni.com.br\/2019\/wp-json\/wp\/v2\/posts\/50468\/revisions"}],"wp:featuredmedia":[{"embeddable":true,"href":"https:\/\/jorgezanoni.com.br\/2019\/wp-json\/wp\/v2\/media\/50469"}],"wp:attachment":[{"href":"https:\/\/jorgezanoni.com.br\/2019\/wp-json\/wp\/v2\/media?parent=50468"}],"wp:term":[{"taxonomy":"category","embeddable":true,"href":"https:\/\/jorgezanoni.com.br\/2019\/wp-json\/wp\/v2\/categories?post=50468"},{"taxonomy":"post_tag","embeddable":true,"href":"https:\/\/jorgezanoni.com.br\/2019\/wp-json\/wp\/v2\/tags?post=50468"}],"curies":[{"name":"wp","href":"https:\/\/api.w.org\/{rel}","templated":true}]}}