{"id":50460,"date":"2021-07-07T16:39:53","date_gmt":"2021-07-07T16:39:53","guid":{"rendered":"https:\/\/jorgezanoni.com.br\/2019\/?p=50460"},"modified":"2021-07-07T16:39:53","modified_gmt":"2021-07-07T16:39:53","slug":"policiais-militares-sao-homenageados-na-sede-do-comando-de-policiamento-do-interior-oito","status":"publish","type":"post","link":"https:\/\/jorgezanoni.com.br\/2019\/policiais-militares-sao-homenageados-na-sede-do-comando-de-policiamento-do-interior-oito\/","title":{"rendered":"Policiais Militares s\u00e3o homenageados na sede do Comando de Policiamento do Interior &#8211; Oito"},"content":{"rendered":"<p style=\"text-align: justify;\"><strong>VALORIZA\u00c7\u00c3O POLICIAL-MILITAR:<\/strong><\/p>\n<p style=\"text-align: justify;\">Na manh\u00e3 de hoje (07), policiais militares do 25\u00ba BPM\/I e do 42\u00ba BPM\/I foram homenageados na Sede do Comando de Policiamento do Interior-8 (CPI-8).<\/p>\n<p style=\"text-align: justify;\">Na ocasi\u00e3o foram homenageados o Cabo PM Dallaqua e o Soldado PM Jean, do 25\u00ba BPM\/I &#8211; regi\u00e3o de Dracena, e o 1\u00ba Tenente PM Gasqui, Cabo PM Zorzeto e o Cabo PM Deines, do 42\u00ba BPM\/I &#8211; regi\u00e3o de Pres. Venceslau.<\/p>\n<p style=\"text-align: justify;\">Os policiais foram recebidos pelo Coronel PM Adriano Aran\u00e3o, Comandante do CPI-8, em raz\u00e3o de haverem obtido destaque em ocorr\u00eancias policiais no m\u00eas de junho de 2021.<\/p>\n<p style=\"text-align: justify;\">Em reconhecimento pelo compromisso com a sociedade do oeste paulista e o interesse pela causa p\u00fablica, demostrado atrav\u00e9s da presta\u00e7\u00e3o de servi\u00e7os de qualidade ao cidad\u00e3o paulista, os policiais em destaque receberam um diploma do Comandante durante a solenidade.<\/p>\n<p><img loading=\"lazy\" decoding=\"async\" class=\"alignnone size-full wp-image-50461\" src=\"https:\/\/jorgezanoni.com.br\/2019\/wp-content\/uploads\/2021\/07\/pm.jpg\" alt=\"\" width=\"720\" height=\"540\" srcset=\"https:\/\/jorgezanoni.com.br\/2019\/wp-content\/uploads\/2021\/07\/pm.jpg 720w, https:\/\/jorgezanoni.com.br\/2019\/wp-content\/uploads\/2021\/07\/pm-300x225.jpg 300w, https:\/\/jorgezanoni.com.br\/2019\/wp-content\/uploads\/2021\/07\/pm-80x60.jpg 80w, https:\/\/jorgezanoni.com.br\/2019\/wp-content\/uploads\/2021\/07\/pm-265x198.jpg 265w, https:\/\/jorgezanoni.com.br\/2019\/wp-content\/uploads\/2021\/07\/pm-696x522.jpg 696w, https:\/\/jorgezanoni.com.br\/2019\/wp-content\/uploads\/2021\/07\/pm-560x420.jpg 560w\" sizes=\"auto, (max-width: 720px) 100vw, 720px\" \/><\/p>\n<p style=\"text-align: justify;\">#cpi8<br \/>\n#AFOR\u00c7AP\u00daBLICADES\u00c3OPAULO<br \/>\nCOMUNICA\u00c7\u00c3O SOCIAL CPI-8<\/p>\n","protected":false},"excerpt":{"rendered":"<p>VALORIZA\u00c7\u00c3O POLICIAL-MILITAR: Na manh\u00e3 de hoje (07), policiais militares do 25\u00ba BPM\/I e do 42\u00ba BPM\/I foram homenageados na Sede do Comando de Policiamento do Interior-8 (CPI-8). Na ocasi\u00e3o foram homenageados o Cabo PM Dallaqua e o Soldado PM Jean, do 25\u00ba BPM\/I &#8211; regi\u00e3o de Dracena, e o 1\u00ba Tenente PM Gasqui, Cabo PM [&hellip;]<\/p>\n","protected":false},"author":1,"featured_media":50462,"comment_status":"closed","ping_status":"open","sticky":false,"template":"","format":"standard","meta":{"footnotes":""},"categories":[110,2],"tags":[],"class_list":["post-50460","post","type-post","status-publish","format-standard","has-post-thumbnail","hentry","category-noticiasdestaque","category-policial"],"_links":{"self":[{"href":"https:\/\/jorgezanoni.com.br\/2019\/wp-json\/wp\/v2\/posts\/50460","targetHints":{"allow":["GET"]}}],"collection":[{"href":"https:\/\/jorgezanoni.com.br\/2019\/wp-json\/wp\/v2\/posts"}],"about":[{"href":"https:\/\/jorgezanoni.com.br\/2019\/wp-json\/wp\/v2\/types\/post"}],"author":[{"embeddable":true,"href":"https:\/\/jorgezanoni.com.br\/2019\/wp-json\/wp\/v2\/users\/1"}],"replies":[{"embeddable":true,"href":"https:\/\/jorgezanoni.com.br\/2019\/wp-json\/wp\/v2\/comments?post=50460"}],"version-history":[{"count":0,"href":"https:\/\/jorgezanoni.com.br\/2019\/wp-json\/wp\/v2\/posts\/50460\/revisions"}],"wp:featuredmedia":[{"embeddable":true,"href":"https:\/\/jorgezanoni.com.br\/2019\/wp-json\/wp\/v2\/media\/50462"}],"wp:attachment":[{"href":"https:\/\/jorgezanoni.com.br\/2019\/wp-json\/wp\/v2\/media?parent=50460"}],"wp:term":[{"taxonomy":"category","embeddable":true,"href":"https:\/\/jorgezanoni.com.br\/2019\/wp-json\/wp\/v2\/categories?post=50460"},{"taxonomy":"post_tag","embeddable":true,"href":"https:\/\/jorgezanoni.com.br\/2019\/wp-json\/wp\/v2\/tags?post=50460"}],"curies":[{"name":"wp","href":"https:\/\/api.w.org\/{rel}","templated":true}]}}