{"id":50456,"date":"2021-07-07T16:29:26","date_gmt":"2021-07-07T16:29:26","guid":{"rendered":"https:\/\/jorgezanoni.com.br\/2019\/?p=50456"},"modified":"2021-07-07T16:29:26","modified_gmt":"2021-07-07T16:29:26","slug":"semirreboque-tomba-apos-se-soltar-de-carreta-bitrem-na-sp-294","status":"publish","type":"post","link":"https:\/\/jorgezanoni.com.br\/2019\/semirreboque-tomba-apos-se-soltar-de-carreta-bitrem-na-sp-294\/","title":{"rendered":"Semirreboque tomba ap\u00f3s se soltar de carreta bitrem na SP-294"},"content":{"rendered":"<p style=\"text-align: justify;\">Um semirreboque que era tracionado por uma carreta bitrem carregada de baga\u00e7o de cana-de-a\u00e7\u00facar que seguia no sentido Adamantina \/ Fl\u00f3rida Paulista, tombou na rotat\u00f3ria que liga a Rodovia Comandante Jo\u00e3o Ribeiro de Barros (SP-294) \u00e0 Vicinal Pl\u00e1cido Rocha, que leva at\u00e9 ao Bairro Lagoa Seca.<\/p>\n<p><img loading=\"lazy\" decoding=\"async\" class=\"alignnone size-full wp-image-50458\" src=\"https:\/\/jorgezanoni.com.br\/2019\/wp-content\/uploads\/2021\/07\/carreta.jpeg\" alt=\"\" width=\"768\" height=\"575\" srcset=\"https:\/\/jorgezanoni.com.br\/2019\/wp-content\/uploads\/2021\/07\/carreta.jpeg 768w, https:\/\/jorgezanoni.com.br\/2019\/wp-content\/uploads\/2021\/07\/carreta-300x225.jpeg 300w, https:\/\/jorgezanoni.com.br\/2019\/wp-content\/uploads\/2021\/07\/carreta-80x60.jpeg 80w, https:\/\/jorgezanoni.com.br\/2019\/wp-content\/uploads\/2021\/07\/carreta-265x198.jpeg 265w, https:\/\/jorgezanoni.com.br\/2019\/wp-content\/uploads\/2021\/07\/carreta-696x521.jpeg 696w, https:\/\/jorgezanoni.com.br\/2019\/wp-content\/uploads\/2021\/07\/carreta-561x420.jpeg 561w\" sizes=\"auto, (max-width: 768px) 100vw, 768px\" \/>O acidente de tr\u00e2nsito sem v\u00edtima ocorreu na manh\u00e3 desta quarta-feira (7) e mobilizou as equipes da Pol\u00edcia Militar Rodovi\u00e1ria e a concession\u00e1ria que administra a rodovia.<\/p>\n<p style=\"text-align: justify;\"><a href=\"https:\/\/i0.wp.com\/ifolharegional.com.br\/wp-content\/uploads\/2021\/07\/WhatsApp-Image-2021-07-07-at-12.39.18.jpeg?ssl=1\"><img loading=\"lazy\" decoding=\"async\" class=\"aligncenter  wp-image-41105\" src=\"https:\/\/i0.wp.com\/ifolharegional.com.br\/wp-content\/uploads\/2021\/07\/WhatsApp-Image-2021-07-07-at-12.39.18.jpeg?resize=592%2C444&amp;ssl=1\" sizes=\"auto, (max-width: 592px) 100vw, 592px\" srcset=\"https:\/\/i0.wp.com\/ifolharegional.com.br\/wp-content\/uploads\/2021\/07\/WhatsApp-Image-2021-07-07-at-12.39.18.jpeg?w=768&amp;ssl=1 768w, https:\/\/i0.wp.com\/ifolharegional.com.br\/wp-content\/uploads\/2021\/07\/WhatsApp-Image-2021-07-07-at-12.39.18.jpeg?resize=300%2C225&amp;ssl=1 300w\" alt=\"\" width=\"592\" height=\"444\" data-attachment-id=\"41105\" data-permalink=\"https:\/\/ifolharegional.com.br\/2021\/07\/07\/semirreboque-tomba-apos-se-soltar-de-carreta-bitrem-na-sp-294\/whatsapp-image-2021-07-07-at-12-39-18\/\" data-orig-file=\"https:\/\/i0.wp.com\/ifolharegional.com.br\/wp-content\/uploads\/2021\/07\/WhatsApp-Image-2021-07-07-at-12.39.18.jpeg?fit=768%2C575&amp;ssl=1\" data-orig-size=\"768,575\" data-comments-opened=\"0\" data-image-meta=\"{&quot;aperture&quot;:&quot;0&quot;,&quot;credit&quot;:&quot;&quot;,&quot;camera&quot;:&quot;&quot;,&quot;caption&quot;:&quot;&quot;,&quot;created_timestamp&quot;:&quot;0&quot;,&quot;copyright&quot;:&quot;&quot;,&quot;focal_length&quot;:&quot;0&quot;,&quot;iso&quot;:&quot;0&quot;,&quot;shutter_speed&quot;:&quot;0&quot;,&quot;title&quot;:&quot;&quot;,&quot;orientation&quot;:&quot;0&quot;}\" data-image-title=\"WhatsApp Image 2021-07-07 at 12.39.18\" data-image-description=\"\" data-medium-file=\"https:\/\/i0.wp.com\/ifolharegional.com.br\/wp-content\/uploads\/2021\/07\/WhatsApp-Image-2021-07-07-at-12.39.18.jpeg?fit=300%2C225&amp;ssl=1\" data-large-file=\"https:\/\/i0.wp.com\/ifolharegional.com.br\/wp-content\/uploads\/2021\/07\/WhatsApp-Image-2021-07-07-at-12.39.18.jpeg?fit=740%2C554&amp;ssl=1\" data-recalc-dims=\"1\" \/><\/a>A carga foi parcialmente espalhada pela margem da pista que n\u00e3o precisou ser interditada. O tr\u00e2nsito de ve\u00edculos fluiu normalmente.<br \/>\n<a href=\"https:\/\/i0.wp.com\/ifolharegional.com.br\/wp-content\/uploads\/2021\/07\/WhatsApp-Image-2021-07-07-at-12.39.18-1.jpeg?ssl=1\"><img loading=\"lazy\" decoding=\"async\" class=\"aligncenter  wp-image-41106\" src=\"https:\/\/i0.wp.com\/ifolharegional.com.br\/wp-content\/uploads\/2021\/07\/WhatsApp-Image-2021-07-07-at-12.39.18-1.jpeg?resize=592%2C444&amp;ssl=1\" sizes=\"auto, (max-width: 592px) 100vw, 592px\" srcset=\"https:\/\/i0.wp.com\/ifolharegional.com.br\/wp-content\/uploads\/2021\/07\/WhatsApp-Image-2021-07-07-at-12.39.18-1.jpeg?w=768&amp;ssl=1 768w, https:\/\/i0.wp.com\/ifolharegional.com.br\/wp-content\/uploads\/2021\/07\/WhatsApp-Image-2021-07-07-at-12.39.18-1.jpeg?resize=300%2C225&amp;ssl=1 300w\" alt=\"\" width=\"592\" height=\"444\" data-attachment-id=\"41106\" data-permalink=\"https:\/\/ifolharegional.com.br\/2021\/07\/07\/semirreboque-tomba-apos-se-soltar-de-carreta-bitrem-na-sp-294\/whatsapp-image-2021-07-07-at-12-39-18-1\/\" data-orig-file=\"https:\/\/i0.wp.com\/ifolharegional.com.br\/wp-content\/uploads\/2021\/07\/WhatsApp-Image-2021-07-07-at-12.39.18-1.jpeg?fit=768%2C575&amp;ssl=1\" data-orig-size=\"768,575\" data-comments-opened=\"0\" data-image-meta=\"{&quot;aperture&quot;:&quot;0&quot;,&quot;credit&quot;:&quot;&quot;,&quot;camera&quot;:&quot;&quot;,&quot;caption&quot;:&quot;&quot;,&quot;created_timestamp&quot;:&quot;0&quot;,&quot;copyright&quot;:&quot;&quot;,&quot;focal_length&quot;:&quot;0&quot;,&quot;iso&quot;:&quot;0&quot;,&quot;shutter_speed&quot;:&quot;0&quot;,&quot;title&quot;:&quot;&quot;,&quot;orientation&quot;:&quot;0&quot;}\" data-image-title=\"WhatsApp Image 2021-07-07 at 12.39.18 (1)\" data-image-description=\"\" data-medium-file=\"https:\/\/i0.wp.com\/ifolharegional.com.br\/wp-content\/uploads\/2021\/07\/WhatsApp-Image-2021-07-07-at-12.39.18-1.jpeg?fit=300%2C225&amp;ssl=1\" data-large-file=\"https:\/\/i0.wp.com\/ifolharegional.com.br\/wp-content\/uploads\/2021\/07\/WhatsApp-Image-2021-07-07-at-12.39.18-1.jpeg?fit=740%2C554&amp;ssl=1\" data-recalc-dims=\"1\" \/><\/a>O caminh\u00e3o trator que tracionava o conjunto permaneceu intacto e parou alguns metros \u00e0 frente. As causas do acidente ainda s\u00e3o desconhecidas.<\/p>\n<p style=\"text-align: justify;\">Fonte: Folha Regional &#8211; Fotos: Diego Fernandes \/<\/p>\n","protected":false},"excerpt":{"rendered":"<p>Um semirreboque que era tracionado por uma carreta bitrem carregada de baga\u00e7o de cana-de-a\u00e7\u00facar que seguia no sentido Adamantina \/ Fl\u00f3rida Paulista, tombou na rotat\u00f3ria que liga a Rodovia Comandante Jo\u00e3o Ribeiro de Barros (SP-294) \u00e0 Vicinal Pl\u00e1cido Rocha, que leva at\u00e9 ao Bairro Lagoa Seca. O acidente de tr\u00e2nsito sem v\u00edtima ocorreu na manh\u00e3 [&hellip;]<\/p>\n","protected":false},"author":1,"featured_media":50457,"comment_status":"closed","ping_status":"open","sticky":false,"template":"","format":"standard","meta":{"footnotes":""},"categories":[170,110],"tags":[],"class_list":["post-50456","post","type-post","status-publish","format-standard","has-post-thumbnail","hentry","category-acidentes","category-noticiasdestaque"],"_links":{"self":[{"href":"https:\/\/jorgezanoni.com.br\/2019\/wp-json\/wp\/v2\/posts\/50456","targetHints":{"allow":["GET"]}}],"collection":[{"href":"https:\/\/jorgezanoni.com.br\/2019\/wp-json\/wp\/v2\/posts"}],"about":[{"href":"https:\/\/jorgezanoni.com.br\/2019\/wp-json\/wp\/v2\/types\/post"}],"author":[{"embeddable":true,"href":"https:\/\/jorgezanoni.com.br\/2019\/wp-json\/wp\/v2\/users\/1"}],"replies":[{"embeddable":true,"href":"https:\/\/jorgezanoni.com.br\/2019\/wp-json\/wp\/v2\/comments?post=50456"}],"version-history":[{"count":0,"href":"https:\/\/jorgezanoni.com.br\/2019\/wp-json\/wp\/v2\/posts\/50456\/revisions"}],"wp:featuredmedia":[{"embeddable":true,"href":"https:\/\/jorgezanoni.com.br\/2019\/wp-json\/wp\/v2\/media\/50457"}],"wp:attachment":[{"href":"https:\/\/jorgezanoni.com.br\/2019\/wp-json\/wp\/v2\/media?parent=50456"}],"wp:term":[{"taxonomy":"category","embeddable":true,"href":"https:\/\/jorgezanoni.com.br\/2019\/wp-json\/wp\/v2\/categories?post=50456"},{"taxonomy":"post_tag","embeddable":true,"href":"https:\/\/jorgezanoni.com.br\/2019\/wp-json\/wp\/v2\/tags?post=50456"}],"curies":[{"name":"wp","href":"https:\/\/api.w.org\/{rel}","templated":true}]}}