{"id":50453,"date":"2021-07-07T15:58:54","date_gmt":"2021-07-07T15:58:54","guid":{"rendered":"https:\/\/jorgezanoni.com.br\/2019\/?p=50453"},"modified":"2021-07-07T15:58:54","modified_gmt":"2021-07-07T15:58:54","slug":"vunesp-divulga-o-resultado-do-vestibular-de-inverno-de-medicina-da-unifadra-de-dracena","status":"publish","type":"post","link":"https:\/\/jorgezanoni.com.br\/2019\/vunesp-divulga-o-resultado-do-vestibular-de-inverno-de-medicina-da-unifadra-de-dracena\/","title":{"rendered":"Vunesp divulga o resultado do Vestibular de Inverno de Medicina da Unifadra de Dracena"},"content":{"rendered":"<div dir=\"ltr\" style=\"text-align: justify;\"><i><span style=\"font-size: large;\"><strong>Matr\u00edculas para os aprovados na primeira lista ser\u00e3o realizadas nos dias 14, 15 e 16 de julho<\/strong>.<\/span><br \/>\n<\/i><br \/>\n<span style=\"font-size: large;\">Foi divulgado hoje (07\/07), no site da Funda\u00e7\u00e3o Vunesp, o resultado do Vestibular de Inverno do curso de Medicina da Unifadra de Dracena. As aprova\u00e7\u00f5es s\u00e3o de candidatos do Distrito Federal e dos estados de Goi\u00e1s, Minas Gerais, Mato Grosso do Sul, Mato Grosso, Piau\u00ed, Paran\u00e1, Rond\u00f4nia e S\u00e3o Paulo.<\/span><\/p>\n<p><span style=\"font-size: large;\">No estado paulista, a capital, a regi\u00e3o metropolitana e cidades do interior fazem parte da lista: Americana, Andradina, Caieiras, Catanduva, Cotia, Dracena, Embu das Artes, Guaratinguet\u00e1, Guarulhos, Jundia\u00ed, Junqueir\u00f3polis, Limeira, Mogi das Cruzes, Nova Odessa, Presidente Epit\u00e1cio, Presidente Venceslau, S\u00e3o Carlos, S\u00e3o Paulo e Votuporanga.<\/span><\/p>\n<p><span style=\"font-size: large;\">Neste vestibular foram oferecidas 45 vagas para ingresso em 2022 e o processo seletivo foi realizado utilizando somente a nota do ENEM (2011 a 2020). Os candidatos podem acessar suas notas e classifica\u00e7\u00f5es no site da Vunesp (<a href=\"http:\/\/www.vunesp.com.br\/FDEC2101\" target=\"_blank\" rel=\"noopener noreferrer\">www.vunesp.com.br\/FDEC2101<\/a>), utilizando login e senha.<\/span><\/p>\n<p><span style=\"font-size: large;\">Nos dias 14, 15 e 16 de julho ser\u00e3o realizadas as matr\u00edculas dos aprovados da 1\u00aa lista. A rela\u00e7\u00e3o dos documentos necess\u00e1rios est\u00e1 dispon\u00edvel no edital do vestibular.<\/span><\/p>\n<p><span style=\"font-size: large;\">Mais informa\u00e7\u00f5es: Secretaria Geral da Fundec<\/span><br \/>\n<span style=\"font-size: large;\">(18) 3821-9009 \/ (18) 99634-0383 (WhatsApp)<\/span><\/p>\n<p><span style=\"font-size: large;\"><b>CALEND\u00c1RIO DE CONVOCA\u00c7\u00c3O E MATR\u00cdCULA<\/b><\/span><br \/>\n<span style=\"font-size: large;\">Medicina &#8211; Vestibular de Inverno 2021 (ENEM)<\/span><br \/>\n<span style=\"font-size: large;\">Reserva de Vagas &#8211; 1\u00ba Semestre 2022<\/span><\/div>\n<div dir=\"ltr\"><span style=\"font-size: large;\">\u00a0<\/span><\/div>\n<div dir=\"ltr\">\n<table border=\"1\" cellspacing=\"1\" cellpadding=\"3\">\n<tbody>\n<tr>\n<td><span style=\"font-size: large;\">\u00a015\/03 a 30\/06\u00a0<\/span><\/td>\n<td><span style=\"font-size: large;\">\u00a0Inscri\u00e7\u00f5es<\/span><\/td>\n<\/tr>\n<tr>\n<td><span style=\"font-size: large;\">07\/07\u00a0<\/span><\/td>\n<td><span style=\"font-size: large;\">\u00a0Divulga\u00e7\u00e3o da lista geral de classifica\u00e7\u00e3o<\/span><\/td>\n<\/tr>\n<tr>\n<td><strong><span style=\"font-size: large;\">14 a 16\/07\u00a0<\/span><\/strong><\/td>\n<td><strong><span style=\"font-size: large;\">\u00a0Matr\u00edcula (1\u00aa lista), das 8h30 \u00e0s 11h30 e das 14h \u00e0s 16h30\u00a0<\/span><\/strong><\/td>\n<\/tr>\n<tr>\n<td><span style=\"font-size: large;\">19\/07\u00a0<\/span><\/td>\n<td><span style=\"font-size: large;\">\u00a0Divulga\u00e7\u00e3o da 2\u00aa lista de chamada<\/span><\/td>\n<\/tr>\n<tr>\n<td><span style=\"font-size: large;\">20 e 21\/07\u00a0<\/span><\/td>\n<td><span style=\"font-size: large;\">\u00a0Matr\u00edcula (2\u00aa lista), das 8h30 \u00e0s 11h30 e das 14h \u00e0s 16h30<\/span><\/td>\n<\/tr>\n<\/tbody>\n<\/table>\n<p>Fonte: Departamento de Comunica\u00e7\u00e3o Fundec<\/p>\n<\/div>\n","protected":false},"excerpt":{"rendered":"<p>Matr\u00edculas para os aprovados na primeira lista ser\u00e3o realizadas nos dias 14, 15 e 16 de julho. Foi divulgado hoje (07\/07), no site da Funda\u00e7\u00e3o Vunesp, o resultado do Vestibular de Inverno do curso de Medicina da Unifadra de Dracena. As aprova\u00e7\u00f5es s\u00e3o de candidatos do Distrito Federal e dos estados de Goi\u00e1s, Minas Gerais, [&hellip;]<\/p>\n","protected":false},"author":1,"featured_media":50454,"comment_status":"closed","ping_status":"open","sticky":false,"template":"","format":"standard","meta":{"footnotes":""},"categories":[110,122],"tags":[],"class_list":["post-50453","post","type-post","status-publish","format-standard","has-post-thumbnail","hentry","category-noticiasdestaque","category-saudeeducacaoeconcurso"],"_links":{"self":[{"href":"https:\/\/jorgezanoni.com.br\/2019\/wp-json\/wp\/v2\/posts\/50453","targetHints":{"allow":["GET"]}}],"collection":[{"href":"https:\/\/jorgezanoni.com.br\/2019\/wp-json\/wp\/v2\/posts"}],"about":[{"href":"https:\/\/jorgezanoni.com.br\/2019\/wp-json\/wp\/v2\/types\/post"}],"author":[{"embeddable":true,"href":"https:\/\/jorgezanoni.com.br\/2019\/wp-json\/wp\/v2\/users\/1"}],"replies":[{"embeddable":true,"href":"https:\/\/jorgezanoni.com.br\/2019\/wp-json\/wp\/v2\/comments?post=50453"}],"version-history":[{"count":0,"href":"https:\/\/jorgezanoni.com.br\/2019\/wp-json\/wp\/v2\/posts\/50453\/revisions"}],"wp:featuredmedia":[{"embeddable":true,"href":"https:\/\/jorgezanoni.com.br\/2019\/wp-json\/wp\/v2\/media\/50454"}],"wp:attachment":[{"href":"https:\/\/jorgezanoni.com.br\/2019\/wp-json\/wp\/v2\/media?parent=50453"}],"wp:term":[{"taxonomy":"category","embeddable":true,"href":"https:\/\/jorgezanoni.com.br\/2019\/wp-json\/wp\/v2\/categories?post=50453"},{"taxonomy":"post_tag","embeddable":true,"href":"https:\/\/jorgezanoni.com.br\/2019\/wp-json\/wp\/v2\/tags?post=50453"}],"curies":[{"name":"wp","href":"https:\/\/api.w.org\/{rel}","templated":true}]}}