{"id":50450,"date":"2021-07-07T13:06:02","date_gmt":"2021-07-07T13:06:02","guid":{"rendered":"https:\/\/jorgezanoni.com.br\/2019\/?p=50450"},"modified":"2021-07-07T13:06:02","modified_gmt":"2021-07-07T13:06:02","slug":"vestibular-de-inverno-de-medicina-da-unifadra-de-dracena-atrai-candidatos-de-12-estados-do-pais","status":"publish","type":"post","link":"https:\/\/jorgezanoni.com.br\/2019\/vestibular-de-inverno-de-medicina-da-unifadra-de-dracena-atrai-candidatos-de-12-estados-do-pais\/","title":{"rendered":"Vestibular de Inverno de Medicina da Unifadra de Dracena atrai candidatos de 12 estados do pa\u00eds"},"content":{"rendered":"<p style=\"text-align: justify;\"><span style=\"font-size: large;\">Com 45 vagas para ingresso em 2022, o Vestibular de Inverno do curso de Medicina da Unifadra de Dracena encerrou suas inscri\u00e7\u00f5es no dia 30 de junho e contou com um aumento de 31,61% em rela\u00e7\u00e3o aos inscritos da \u00faltima edi\u00e7\u00e3o. O processo seletivo est\u00e1 sendo realizado pela Funda\u00e7\u00e3o Vunesp e a classifica\u00e7\u00e3o geral ser\u00e1 divulgada no dia 7 de julho.<\/span><\/p>\n<p><span style=\"font-size: large;\">Os candidatos s\u00e3o de 12 estados brasileiros (1 da Bahia, 18 de Goi\u00e1s, 1 do Maranh\u00e3o, 8 de Minas Gerais, 19 do Mato Grosso do Sul, 1 do Mato Grosso, 1 do Par\u00e1, 1 do Piau\u00ed, 15 do Paran\u00e1, 1 de Rond\u00f4nia, 1 do Rio Grande do Sul e 105 de S\u00e3o Paulo), al\u00e9m do Distrito Federal (7). Neste vestibular, n\u00e3o haver\u00e1 prova presencial, pois ser\u00e1 utilizada exclusivamente a nota do ENEM (de 2011 a 2020).<\/span><\/p>\n<p><span style=\"font-size: large;\">&#8220;Nosso curso de Medicina vem chamando cada vez mais aten\u00e7\u00e3o, tanto pela qualidade do ensino quanto pela infraestrutura oferecida&#8221;, ressalta Fernando Nunes, secret\u00e1rio assistente da diretoria executiva da\u00a0<\/span>Fundec.<span style=\"font-size: large;\">\u00a0&#8220;Este ano tivemos novamente um aumento do n\u00famero de inscritos e conseguimos uma abrang\u00eancia nacional&#8221;, finalizou.<\/span><\/p>\n<p><span style=\"font-size: large;\">&#8220;Em 2021, a oferta de vagas tamb\u00e9m foi maior e tivemos praticamente 4 candidatos disputando 1 vaga de Medicina&#8221;, comemorou Enio Garbelini, diretor acad\u00eamico da Unifadra.<\/span><\/p>\n<p><span style=\"font-size: large;\">Esse formato de processo seletivo permitiu que candidatos de outros estados pudessem concorrer \u00e0s vagas de Medicina na Unifadra de Dracena sem o custo adicional de deslocamento, um diferencial que agrega facilidade e economia para o candidato.<\/span><\/p>\n<p><span style=\"font-size: large;\">Al\u00e9m do mais, Dracena \u00e9 uma cidade refer\u00eancia na regi\u00e3o pela qualidade de vida e servi\u00e7os como Sa\u00fade e Educa\u00e7\u00e3o e se apresenta como uma op\u00e7\u00e3o muito interessante para os candidatos, em especial os de outros estados, quando comparada ao custo de vida em cidades maiores ou nas capitais, por exemplo.<\/span><\/p>\n<p><span style=\"font-size: large;\">Um indicativo disso s\u00e3o as 38 inscri\u00e7\u00f5es de candidatos provenientes de capitais, sendo 7 de Goi\u00e2nia, 5 de Campo Grande, 1 de Cuiab\u00e1, 1 de Bel\u00e9m, 2 de Curitiba e 15 de S\u00e3o Paulo, al\u00e9m de outros 7 de Bras\u00edlia. Ou seja, mais do que 21% do total de inscritos.<\/span><\/p>\n<p>Fonte: Departamento de Comunica\u00e7\u00e3o da Fundec<\/p>\n","protected":false},"excerpt":{"rendered":"<p>Com 45 vagas para ingresso em 2022, o Vestibular de Inverno do curso de Medicina da Unifadra de Dracena encerrou suas inscri\u00e7\u00f5es no dia 30 de junho e contou com um aumento de 31,61% em rela\u00e7\u00e3o aos inscritos da \u00faltima edi\u00e7\u00e3o. O processo seletivo est\u00e1 sendo realizado pela Funda\u00e7\u00e3o Vunesp e a classifica\u00e7\u00e3o geral ser\u00e1 [&hellip;]<\/p>\n","protected":false},"author":1,"featured_media":50451,"comment_status":"closed","ping_status":"open","sticky":false,"template":"","format":"standard","meta":{"footnotes":""},"categories":[110,122],"tags":[],"class_list":["post-50450","post","type-post","status-publish","format-standard","has-post-thumbnail","hentry","category-noticiasdestaque","category-saudeeducacaoeconcurso"],"_links":{"self":[{"href":"https:\/\/jorgezanoni.com.br\/2019\/wp-json\/wp\/v2\/posts\/50450","targetHints":{"allow":["GET"]}}],"collection":[{"href":"https:\/\/jorgezanoni.com.br\/2019\/wp-json\/wp\/v2\/posts"}],"about":[{"href":"https:\/\/jorgezanoni.com.br\/2019\/wp-json\/wp\/v2\/types\/post"}],"author":[{"embeddable":true,"href":"https:\/\/jorgezanoni.com.br\/2019\/wp-json\/wp\/v2\/users\/1"}],"replies":[{"embeddable":true,"href":"https:\/\/jorgezanoni.com.br\/2019\/wp-json\/wp\/v2\/comments?post=50450"}],"version-history":[{"count":0,"href":"https:\/\/jorgezanoni.com.br\/2019\/wp-json\/wp\/v2\/posts\/50450\/revisions"}],"wp:featuredmedia":[{"embeddable":true,"href":"https:\/\/jorgezanoni.com.br\/2019\/wp-json\/wp\/v2\/media\/50451"}],"wp:attachment":[{"href":"https:\/\/jorgezanoni.com.br\/2019\/wp-json\/wp\/v2\/media?parent=50450"}],"wp:term":[{"taxonomy":"category","embeddable":true,"href":"https:\/\/jorgezanoni.com.br\/2019\/wp-json\/wp\/v2\/categories?post=50450"},{"taxonomy":"post_tag","embeddable":true,"href":"https:\/\/jorgezanoni.com.br\/2019\/wp-json\/wp\/v2\/tags?post=50450"}],"curies":[{"name":"wp","href":"https:\/\/api.w.org\/{rel}","templated":true}]}}