{"id":50443,"date":"2021-07-07T12:34:41","date_gmt":"2021-07-07T12:34:41","guid":{"rendered":"https:\/\/jorgezanoni.com.br\/2019\/?p=50443"},"modified":"2021-07-07T12:34:41","modified_gmt":"2021-07-07T12:34:41","slug":"eu-avisei-elle-nao-o-coiso-por-sergio-barbosa","status":"publish","type":"post","link":"https:\/\/jorgezanoni.com.br\/2019\/eu-avisei-elle-nao-o-coiso-por-sergio-barbosa\/","title":{"rendered":"Eu avisei&#8230;Elle n\u00e3o&#8230;o coiso&#8230; (por S\u00e9rgio Barbosa)"},"content":{"rendered":"<p style=\"text-align: justify;\"><strong>EU AVISEI&#8230; ELLE N\u00c3O&#8230; O COISO&#8230;<\/strong><\/p>\n<p style=\"text-align: justify;\"><strong><em>\u201cUm aviso aos pol\u00edticos: Se existe inferno, h\u00e1 chance de ele ser um s\u00f3; sem compartimentos. A puni\u00e7\u00e3o pode ser \u00fanica, eterna, para todos, e n\u00e3o haver cela especial.\u201d (<\/em><\/strong><a href=\"https:\/\/www.pensador.com\/autor\/demetrio_sena_mage_rj\/\"><strong><em>Dem\u00e9trio Sena\/Mag\u00e9-RJ<\/em><\/strong><strong><em>).<\/em><\/strong><\/a><\/p>\n<p style=\"text-align: justify;\"><strong><em>S\u00e9rgio Barbosa (*)<\/em><\/strong><\/p>\n<p style=\"text-align: justify;\">Do jeito que as coisas est\u00e3o caminhando neste PA\u00cdS DO FAZ DE CONTA para o lado deste DESGOVERNO, pode-se prever que tudo pode ocorrer sem mais e com muito menos para todos os lados de um mesmo lado&#8230;<\/p>\n<p style=\"text-align: justify;\">Assim, pode-se tentar IMAGINAR que o INFERNO ASTRAL do COISO est\u00e1 de VENTO EM POPA no seu TITANIC, portanto, como afirma aquele dito popular, a saber: NADA COMO UM DIA DEPOIS DO OUTRO&#8230;<\/p>\n<p style=\"text-align: justify;\">Entretanto, como tudo depende das eternas TROCAS NADA SIMB\u00d3LICAS que ocorrem desde a INVAS\u00c3O deste PA\u00cdS DO FAZ DE CONTA em 1.500 com aquele tal DESCOBRIDOR denominado de CABRAL, quando desembarcou com a CRUZ na FRENTE e a ESPADA de lado, pode-se considerar que TUDO PODE SER O QUE NUNCA VAI SER&#8230;<\/p>\n<p style=\"text-align: justify;\">Mas, ONDE EXISTE FUMA\u00c7\u00c3O, dizem, TEM FOGO, haja vista que este DESGOVERNO est\u00e1 sem RUMO faz meses e considerando que desde o in\u00edcio da PANDEMIA em fevereiro de 2.020, torna-se necess\u00e1rio registrar que\u00a0 todas as a\u00e7\u00f5es GOVERNAMENTAIS est\u00e3o e continuam PATINANDO sempre no mesmo LUGAR&#8230;<\/p>\n<p style=\"text-align: justify;\">Tamb\u00e9m, NADA SE CRIA, TUDO SE COPIA, tal qual aquela frase M\u00c1XIMA da Publicidade, todavia, pode ser que as MANIFESTA\u00c7\u00d5ES fa\u00e7am a diferen\u00e7a neste TEMPO NOVO TEMPO, bem como, o desenrolar da CPI que busca RESPOSTAS em nome da POPULA\u00c7\u00c3O e assim por diante&#8230;<\/p>\n<p style=\"text-align: justify;\">O CEN\u00c1RIO est\u00e1 de MAL a PIOR em todas as dire\u00e7\u00f5es e n\u00e3o se pode esperar nada DIFERENTE daqui pra frente, isso \u00e9, pode ser que sim, ainda, pode ser que n\u00e3o ou muito pelo contr\u00e1rio, tendo em vista que a MANADA est\u00e1 abandonando a ARCA do CAPIT\u00c3O DE ARAQUE&#8230;<\/p>\n<p style=\"text-align: justify;\">Mas, como sempre, neste PA\u00cdS DO FAZ DE CONTA tudo depende disto ou daquilo, bem como, quem DET\u00c9M O PODER ECON\u00d4MICO controla todas as demais \u00e1reas de um jeito ou de outro em nome dos INTERESSES patrocinados pelo LUCRO e ponto quase final&#8230;<\/p>\n<p style=\"text-align: justify;\">O RETROCESSO que est\u00e1 ocorrendo faz mais de 4 anos, ou seja, iniciou-se com o GOVERNO DO VAMPIRO depois do GOLPE com apoio do PIG- PARTIDO DA IMPRENSA GOLPISTA e do PODER ECON\u00d5MICO que comandou o ESQUEMA POL\u00cdTICO pra dar no que deu&#8230;<\/p>\n<p style=\"text-align: justify;\">Diz e outro dito popular que DE BOAS INTEN\u00c7\u00d5ES O INFERNO EST\u00c1 CHEIO, entretanto, prefiro refor\u00e7a uma outra frase que afirma: \u00c1GUA MOLE EM PEDRA DURA, TANTO BATE AT\u00c9 QUE FURA&#8230;<\/p>\n<p style=\"text-align: justify;\">Se bem que tem uma outra escolha mediada pelo denominado SENSO COMUM das MENTES BOVINAS que continuam seguindo o BERRANTE com suas CAMISETAS AMARELAS, ou seja, SE VOC\u00ca PENSA QUA T\u00c1 RUIM, PODE PIORAR&#8230;<\/p>\n<p style=\"text-align: justify;\">QUEM SOBREVEVIVER VAI SABER&#8230;<\/p>\n<p style=\"text-align: justify;\"><strong><em>_________________________<\/em><\/strong><\/p>\n<p style=\"text-align: justify;\"><strong><em>(*) jornalista diplomado e professor universit\u00e1rio.<\/em><\/strong><\/p>\n<p style=\"text-align: justify;\"><strong><em>E-MAIL: barbosa.sebar@gmail.com <\/em><\/strong><\/p>\n<p>&nbsp;<\/p>\n","protected":false},"excerpt":{"rendered":"<p>EU AVISEI&#8230; ELLE N\u00c3O&#8230; O COISO&#8230; \u201cUm aviso aos pol\u00edticos: Se existe inferno, h\u00e1 chance de ele ser um s\u00f3; sem compartimentos. A puni\u00e7\u00e3o pode ser \u00fanica, eterna, para todos, e n\u00e3o haver cela especial.\u201d (Dem\u00e9trio Sena\/Mag\u00e9-RJ). S\u00e9rgio Barbosa (*) Do jeito que as coisas est\u00e3o caminhando neste PA\u00cdS DO FAZ DE CONTA para o [&hellip;]<\/p>\n","protected":false},"author":1,"featured_media":50445,"comment_status":"closed","ping_status":"open","sticky":false,"template":"","format":"standard","meta":{"footnotes":""},"categories":[175],"tags":[],"class_list":["post-50443","post","type-post","status-publish","format-standard","has-post-thumbnail","hentry","category-artigos"],"_links":{"self":[{"href":"https:\/\/jorgezanoni.com.br\/2019\/wp-json\/wp\/v2\/posts\/50443","targetHints":{"allow":["GET"]}}],"collection":[{"href":"https:\/\/jorgezanoni.com.br\/2019\/wp-json\/wp\/v2\/posts"}],"about":[{"href":"https:\/\/jorgezanoni.com.br\/2019\/wp-json\/wp\/v2\/types\/post"}],"author":[{"embeddable":true,"href":"https:\/\/jorgezanoni.com.br\/2019\/wp-json\/wp\/v2\/users\/1"}],"replies":[{"embeddable":true,"href":"https:\/\/jorgezanoni.com.br\/2019\/wp-json\/wp\/v2\/comments?post=50443"}],"version-history":[{"count":0,"href":"https:\/\/jorgezanoni.com.br\/2019\/wp-json\/wp\/v2\/posts\/50443\/revisions"}],"wp:featuredmedia":[{"embeddable":true,"href":"https:\/\/jorgezanoni.com.br\/2019\/wp-json\/wp\/v2\/media\/50445"}],"wp:attachment":[{"href":"https:\/\/jorgezanoni.com.br\/2019\/wp-json\/wp\/v2\/media?parent=50443"}],"wp:term":[{"taxonomy":"category","embeddable":true,"href":"https:\/\/jorgezanoni.com.br\/2019\/wp-json\/wp\/v2\/categories?post=50443"},{"taxonomy":"post_tag","embeddable":true,"href":"https:\/\/jorgezanoni.com.br\/2019\/wp-json\/wp\/v2\/tags?post=50443"}],"curies":[{"name":"wp","href":"https:\/\/api.w.org\/{rel}","templated":true}]}}