{"id":50405,"date":"2021-07-06T16:24:57","date_gmt":"2021-07-06T16:24:57","guid":{"rendered":"https:\/\/jorgezanoni.com.br\/2019\/?p=50405"},"modified":"2021-07-06T16:24:57","modified_gmt":"2021-07-06T16:24:57","slug":"morre-a-professora-deize-galdino-esposa-do-thomazinho-da-cimadra","status":"publish","type":"post","link":"https:\/\/jorgezanoni.com.br\/2019\/morre-a-professora-deize-galdino-esposa-do-thomazinho-da-cimadra\/","title":{"rendered":"Morre a Professora Deize Galdino, esposa do Thomazinho da Cimadra"},"content":{"rendered":"<p style=\"text-align: justify;\">Comunicamos com pesar o falecimento de Deizemar Galdino de F\u00e1veri de 53 anos, esposa do empres\u00e1rio que dirigiu a Cimadra e atualmente tem empreendimentos imobili\u00e1rios, Thomaz de F\u00e1veri. Segundo informa\u00e7\u00f5es ele teria sofrido um AVC e n\u00e3o resistiu, vindo a \u00f3bito, na manh\u00e3 desta ter\u00e7a-feira, na cidade de Presidente Prudente.<\/p>\n<p style=\"text-align: justify;\">Deixa o esposo Thomaz, filhos Allan e Gabriel, demais parentes e amigos. Foi professora na Fundec, Col\u00e9gio Objetivo e CCAA.<\/p>\n<p style=\"text-align: justify;\">Aos familiares e amigos os sentimentos e a solidariedade do Site JZ neste dif\u00edcil momento.<\/p>\n<p style=\"text-align: justify;\">O Vel\u00f3rio ocorre no Memorial Vida Prev hoje (6) das 18 Hs. \u00e0s 21 Hs e amanh\u00e3 (7) das 7 Hs. \u00e0s 10 Hs. quando ocorre o Sepultamento no Cemit\u00e9rio de Dracena.<\/p>\n<p style=\"text-align: justify;\">Jorge Zanoni<\/p>\n<p><img loading=\"lazy\" decoding=\"async\" class=\"alignnone size-full wp-image-50406\" src=\"https:\/\/jorgezanoni.com.br\/2019\/wp-content\/uploads\/2021\/07\/Deise-1.jpg\" alt=\"\" width=\"526\" height=\"525\" srcset=\"https:\/\/jorgezanoni.com.br\/2019\/wp-content\/uploads\/2021\/07\/Deise-1.jpg 526w, https:\/\/jorgezanoni.com.br\/2019\/wp-content\/uploads\/2021\/07\/Deise-1-300x300.jpg 300w, https:\/\/jorgezanoni.com.br\/2019\/wp-content\/uploads\/2021\/07\/Deise-1-150x150.jpg 150w, https:\/\/jorgezanoni.com.br\/2019\/wp-content\/uploads\/2021\/07\/Deise-1-421x420.jpg 421w\" sizes=\"auto, (max-width: 526px) 100vw, 526px\" \/><img loading=\"lazy\" decoding=\"async\" class=\"alignnone size-full wp-image-50407\" src=\"https:\/\/jorgezanoni.com.br\/2019\/wp-content\/uploads\/2021\/07\/Deizemar.jpg\" alt=\"\" width=\"1280\" height=\"1279\" srcset=\"https:\/\/jorgezanoni.com.br\/2019\/wp-content\/uploads\/2021\/07\/Deizemar.jpg 1280w, https:\/\/jorgezanoni.com.br\/2019\/wp-content\/uploads\/2021\/07\/Deizemar-300x300.jpg 300w, https:\/\/jorgezanoni.com.br\/2019\/wp-content\/uploads\/2021\/07\/Deizemar-1024x1024.jpg 1024w, https:\/\/jorgezanoni.com.br\/2019\/wp-content\/uploads\/2021\/07\/Deizemar-150x150.jpg 150w, https:\/\/jorgezanoni.com.br\/2019\/wp-content\/uploads\/2021\/07\/Deizemar-768x767.jpg 768w, https:\/\/jorgezanoni.com.br\/2019\/wp-content\/uploads\/2021\/07\/Deizemar-696x695.jpg 696w, https:\/\/jorgezanoni.com.br\/2019\/wp-content\/uploads\/2021\/07\/Deizemar-1068x1067.jpg 1068w, https:\/\/jorgezanoni.com.br\/2019\/wp-content\/uploads\/2021\/07\/Deizemar-420x420.jpg 420w\" sizes=\"auto, (max-width: 1280px) 100vw, 1280px\" \/><\/p>\n<p>&nbsp;<\/p>\n<h3 class=\"post-title entry-title\"><\/h3>\n<div class=\"post-header\">\n<div class=\"post-header-line-1\"><\/div>\n<\/div>\n<div id=\"post-body-7237072295342153633\" class=\"post-body entry-content\">\n<p>&nbsp;<\/p>\n<p>&nbsp;<\/p>\n<\/div>\n","protected":false},"excerpt":{"rendered":"<p>Comunicamos com pesar o falecimento de Deizemar Galdino de F\u00e1veri de 53 anos, esposa do empres\u00e1rio que dirigiu a Cimadra e atualmente tem empreendimentos imobili\u00e1rios, Thomaz de F\u00e1veri. Segundo informa\u00e7\u00f5es ele teria sofrido um AVC e n\u00e3o resistiu, vindo a \u00f3bito, na manh\u00e3 desta ter\u00e7a-feira, na cidade de Presidente Prudente. Deixa o esposo Thomaz, filhos [&hellip;]<\/p>\n","protected":false},"author":1,"featured_media":50408,"comment_status":"closed","ping_status":"open","sticky":false,"template":"","format":"standard","meta":{"footnotes":""},"categories":[178,110],"tags":[],"class_list":["post-50405","post","type-post","status-publish","format-standard","has-post-thumbnail","hentry","category-notadefalecimento","category-noticiasdestaque"],"_links":{"self":[{"href":"https:\/\/jorgezanoni.com.br\/2019\/wp-json\/wp\/v2\/posts\/50405","targetHints":{"allow":["GET"]}}],"collection":[{"href":"https:\/\/jorgezanoni.com.br\/2019\/wp-json\/wp\/v2\/posts"}],"about":[{"href":"https:\/\/jorgezanoni.com.br\/2019\/wp-json\/wp\/v2\/types\/post"}],"author":[{"embeddable":true,"href":"https:\/\/jorgezanoni.com.br\/2019\/wp-json\/wp\/v2\/users\/1"}],"replies":[{"embeddable":true,"href":"https:\/\/jorgezanoni.com.br\/2019\/wp-json\/wp\/v2\/comments?post=50405"}],"version-history":[{"count":0,"href":"https:\/\/jorgezanoni.com.br\/2019\/wp-json\/wp\/v2\/posts\/50405\/revisions"}],"wp:featuredmedia":[{"embeddable":true,"href":"https:\/\/jorgezanoni.com.br\/2019\/wp-json\/wp\/v2\/media\/50408"}],"wp:attachment":[{"href":"https:\/\/jorgezanoni.com.br\/2019\/wp-json\/wp\/v2\/media?parent=50405"}],"wp:term":[{"taxonomy":"category","embeddable":true,"href":"https:\/\/jorgezanoni.com.br\/2019\/wp-json\/wp\/v2\/categories?post=50405"},{"taxonomy":"post_tag","embeddable":true,"href":"https:\/\/jorgezanoni.com.br\/2019\/wp-json\/wp\/v2\/tags?post=50405"}],"curies":[{"name":"wp","href":"https:\/\/api.w.org\/{rel}","templated":true}]}}