{"id":50384,"date":"2021-07-06T01:57:21","date_gmt":"2021-07-06T01:57:21","guid":{"rendered":"https:\/\/jorgezanoni.com.br\/2019\/?p=50384"},"modified":"2021-07-06T01:57:21","modified_gmt":"2021-07-06T01:57:21","slug":"dr-lucas-mainente-de-souza-e-o-primeiro-medico-de-dracena-formado-na-unifai-em-adamantina","status":"publish","type":"post","link":"https:\/\/jorgezanoni.com.br\/2019\/dr-lucas-mainente-de-souza-e-o-primeiro-medico-de-dracena-formado-na-unifai-em-adamantina\/","title":{"rendered":"Dr. Lucas Mainente de Souza \u00e9 o primeiro m\u00e9dico de Dracena formado na Unifai, em Adamantina"},"content":{"rendered":"<div class=\"kvgmc6g5 cxmmr5t8 oygrvhab hcukyx3x c1et5uql ii04i59q\">\n<div dir=\"auto\" style=\"text-align: justify;\">O Centro Universit\u00e1rio de Adamantina realizou a formatura de sua primeira turma do curso de Medicina, apresentando 58 novos profissionais para a \u00e1rea da sa\u00fade. Entre eles est\u00e1 o dracenense Lucas Mainente de Souza, o primeiro integrante da Cidade Milagre no referido curso criado em 2015.<\/div>\n<\/div>\n<div class=\"o9v6fnle cxmmr5t8 oygrvhab hcukyx3x c1et5uql ii04i59q\">\n<div dir=\"auto\" style=\"text-align: justify;\">A cerim\u00f4nia de Cola\u00e7\u00e3o de Grau e a Missa em A\u00e7\u00e3o de Gra\u00e7as foram realizadas na quarta-feira.<\/div>\n<div dir=\"auto\" style=\"text-align: justify;\">O novo m\u00e9dico Lucas Mainente informou que pretende trabalhar na aten\u00e7\u00e3o b\u00e1sica em UBS de Ara\u00e7atuba e far\u00e1 plant\u00f5es no Pronto Socorro. Disse tamb\u00e9m que vai se preparar para a resid\u00eancia m\u00e9dica no futuro.<\/div>\n<div dir=\"auto\" style=\"text-align: justify;\">Lucas \u00e9 filho de Celso Ronaldo e Rosemeire Mainente e irm\u00e3o de Maur\u00edcio. Av\u00f3s Celso Cardoso e Milka e dos falecidos Irineu Mainente e Euph\u00eamia.<\/div>\n<div dir=\"auto\" style=\"text-align: justify;\"><\/div>\n<div dir=\"auto\" style=\"text-align: justify;\">Fonte: Bastidores da Not\u00edcia<\/div>\n<\/div>\n","protected":false},"excerpt":{"rendered":"<p>O Centro Universit\u00e1rio de Adamantina realizou a formatura de sua primeira turma do curso de Medicina, apresentando 58 novos profissionais para a \u00e1rea da sa\u00fade. Entre eles est\u00e1 o dracenense Lucas Mainente de Souza, o primeiro integrante da Cidade Milagre no referido curso criado em 2015. A cerim\u00f4nia de Cola\u00e7\u00e3o de Grau e a Missa [&hellip;]<\/p>\n","protected":false},"author":1,"featured_media":50385,"comment_status":"closed","ping_status":"open","sticky":false,"template":"","format":"standard","meta":{"footnotes":""},"categories":[110,122],"tags":[],"class_list":["post-50384","post","type-post","status-publish","format-standard","has-post-thumbnail","hentry","category-noticiasdestaque","category-saudeeducacaoeconcurso"],"_links":{"self":[{"href":"https:\/\/jorgezanoni.com.br\/2019\/wp-json\/wp\/v2\/posts\/50384","targetHints":{"allow":["GET"]}}],"collection":[{"href":"https:\/\/jorgezanoni.com.br\/2019\/wp-json\/wp\/v2\/posts"}],"about":[{"href":"https:\/\/jorgezanoni.com.br\/2019\/wp-json\/wp\/v2\/types\/post"}],"author":[{"embeddable":true,"href":"https:\/\/jorgezanoni.com.br\/2019\/wp-json\/wp\/v2\/users\/1"}],"replies":[{"embeddable":true,"href":"https:\/\/jorgezanoni.com.br\/2019\/wp-json\/wp\/v2\/comments?post=50384"}],"version-history":[{"count":0,"href":"https:\/\/jorgezanoni.com.br\/2019\/wp-json\/wp\/v2\/posts\/50384\/revisions"}],"wp:featuredmedia":[{"embeddable":true,"href":"https:\/\/jorgezanoni.com.br\/2019\/wp-json\/wp\/v2\/media\/50385"}],"wp:attachment":[{"href":"https:\/\/jorgezanoni.com.br\/2019\/wp-json\/wp\/v2\/media?parent=50384"}],"wp:term":[{"taxonomy":"category","embeddable":true,"href":"https:\/\/jorgezanoni.com.br\/2019\/wp-json\/wp\/v2\/categories?post=50384"},{"taxonomy":"post_tag","embeddable":true,"href":"https:\/\/jorgezanoni.com.br\/2019\/wp-json\/wp\/v2\/tags?post=50384"}],"curies":[{"name":"wp","href":"https:\/\/api.w.org\/{rel}","templated":true}]}}