{"id":50376,"date":"2021-07-05T21:21:07","date_gmt":"2021-07-05T21:21:07","guid":{"rendered":"https:\/\/jorgezanoni.com.br\/2019\/?p=50376"},"modified":"2021-07-05T21:34:37","modified_gmt":"2021-07-05T21:34:37","slug":"dracenense-mateus-daniel-de-sa-foi-convocado-para-a-olimpiada-de-toquio","status":"publish","type":"post","link":"https:\/\/jorgezanoni.com.br\/2019\/dracenense-mateus-daniel-de-sa-foi-convocado-para-a-olimpiada-de-toquio\/","title":{"rendered":"Dracenense Mateus Daniel de S\u00e1 foi convocado para a Olimp\u00edada de T\u00f3quio"},"content":{"rendered":"<h2 style=\"text-align: justify;\"><strong>Os dois novos convocados t\u00eam uma excelente carreira nas competi\u00e7\u00f5es de base. Mateus, nascido a 21 de novembro de 1995, em Dracena (SP), ganhou a medalha de bronze no triplo no Mundial Sub-20 de Eugene-2014, nos Estados Unidos. Ele \u00e9 treinado por Tania Moura, em S\u00e3o Paulo.<\/strong><\/h2>\n<h2 class=\"post-title lg\" style=\"text-align: justify;\"><strong><span id=\"ctl00_ContentPlaceHolder1_titulo\">Atletismo do Brasil tem mais dois atletas nos Jogos de T\u00f3quio.<\/span><\/strong><\/h2>\n<h3 style=\"text-align: justify;\"><strong><span id=\"ctl00_ContentPlaceHolder1_subtitulo\">Mateus Daniel de S\u00e1, no salto triplo, e Lucas Vilar, nos 200 m, foram chamados ap\u00f3s remanejamento de vagas feito pela World Atlhetics. Com isso, a equipe passa a ter 53 atletas na competi\u00e7\u00e3o, que ter\u00e1 a cerim\u00f4nia de abertura nos dia 23 de julho.<\/span><\/strong><\/h3>\n<div id=\"paragrafo-noticias\">\n<p style=\"text-align: justify;\"><strong>Bragan\u00e7a Paulista<\/strong> \u2013 A Confedera\u00e7\u00e3o Brasileira de Atletismo (CBAt) anunciou nesta segunda-feira (5\/7) a convoca\u00e7\u00e3o de mais dois atletas para os Jogos Ol\u00edmpicos de T\u00f3quio: Mateus Daniel Ad\u00e3o de S\u00e1 (Pinheiros-SP), no salto triplo, e de Lucas da Concei\u00e7\u00e3o Vilar (SESI-SP) nos 200 m. Ele foram chamados ap\u00f3s remanejamento de vagas feito pela World Athletics.<\/p>\n<p style=\"text-align: justify;\">Desta forma, o Brasil passa a ter 53 representantes na competi\u00e7\u00e3o, que ter\u00e1 a cerim\u00f4nia de abertura no dia 23 de julho, no Est\u00e1dio Ol\u00edmpico do Jap\u00e3o.<\/p>\n<p style=\"text-align: justify;\">Os dois atletas entram nas vagas pela cota do Ranking Mundial por Pontos, em fun\u00e7\u00e3o de desist\u00eancias por les\u00e3o e por op\u00e7\u00e3o de provas, caso dos qualificados em mais de uma especialidade. Isso aconteceu com o brasiliense Caio Bonfim (CASO-DF), convocado para os 20 km e os 50 km marcha atl\u00e9tica. Ele abriu m\u00e3o dos 50 km porque o espa\u00e7o entre as provas \u00e9 de apenas 13 horas.<\/p>\n<p style=\"text-align: justify;\">Os dois novos convocados t\u00eam uma excelente carreira nas competi\u00e7\u00f5es de base. Mateus, nascido a 21 de novembro de 1995, em Dracena (SP), ganhou a medalha de bronze no triplo no Mundial Sub-20 de Eugene-2014, nos Estados Unidos. Ele \u00e9 treinado por Tania Moura, em S\u00e3o Paulo.<\/p>\n<p style=\"text-align: justify;\">J\u00e1 Lucas Concei\u00e7\u00e3o Vilar \u00e9 um dos jovens talentos da velocidade brasileira. Nascido a 10 de mar\u00e7o de 2001, em Limeira (SP), ele \u00e9 treinado por Darci Ferreira da Silva e companheiro de treino de Felipe Bardi dos Santos, j\u00e1 convocado para a Olimp\u00edada, em Santo Andr\u00e9 (SP). Entre os seus t\u00edtulos est\u00e1 a medalha de bronze nos 200 m nos Jogos Ol\u00edmpicos de Juventude, em Buenos Aires-2018, na Argentina.<\/p>\n<p style=\"text-align: justify;\">Agora o Brasil tem 33 atletas no masculino e 20 no feminino. O torneio de atletismo ser\u00e1 disputado de 29 de julho a 8 de agosto no Est\u00e1dio Ol\u00edmpico do Jap\u00e3o e no Sapporo Odori Park, que fica a cerca de 800 km de T\u00f3quio (provas de marcha e de maratona).<\/p>\n<p style=\"text-align: justify;\">\u201cQuero dar os parab\u00e9ns aos dois atletas, que eles sejam bem-vindos ao Time Brasil\u201d, disse Wlamir Motta Campos, presidente do Conselho de Administra\u00e7\u00e3o da CBAt, respons\u00e1vel pelo an\u00fancio.<\/p>\n<p style=\"text-align: justify;\">A Prevent Senior Sports \u00e9 patrocinadora do atletismo brasileiro para a entidade gestora do esporte e os atletas brasileiros, visando a sa\u00fade integral dos indiv\u00edduos e apoio \u00e0s competi\u00e7\u00f5es.<\/p>\n<p style=\"text-align: justify;\">As Loterias Caixa s\u00e3o a patrocinadora m\u00e1ster do atletismo brasileiro.<\/p>\n<p>Fonte: https:\/\/cbat.org.br\/novo\/noticias\/noticia.aspx?id=30804<\/p>\n<p>COMP. JORGE ZANONI<\/p>\n<\/div>\n","protected":false},"excerpt":{"rendered":"<p>Os dois novos convocados t\u00eam uma excelente carreira nas competi\u00e7\u00f5es de base. Mateus, nascido a 21 de novembro de 1995, em Dracena (SP), ganhou a medalha de bronze no triplo no Mundial Sub-20 de Eugene-2014, nos Estados Unidos. Ele \u00e9 treinado por Tania Moura, em S\u00e3o Paulo. Atletismo do Brasil tem mais dois atletas nos [&hellip;]<\/p>\n","protected":false},"author":1,"featured_media":50377,"comment_status":"closed","ping_status":"open","sticky":false,"template":"","format":"standard","meta":{"footnotes":""},"categories":[111,110],"tags":[],"class_list":["post-50376","post","type-post","status-publish","format-standard","has-post-thumbnail","hentry","category-esporteecultura","category-noticiasdestaque"],"_links":{"self":[{"href":"https:\/\/jorgezanoni.com.br\/2019\/wp-json\/wp\/v2\/posts\/50376","targetHints":{"allow":["GET"]}}],"collection":[{"href":"https:\/\/jorgezanoni.com.br\/2019\/wp-json\/wp\/v2\/posts"}],"about":[{"href":"https:\/\/jorgezanoni.com.br\/2019\/wp-json\/wp\/v2\/types\/post"}],"author":[{"embeddable":true,"href":"https:\/\/jorgezanoni.com.br\/2019\/wp-json\/wp\/v2\/users\/1"}],"replies":[{"embeddable":true,"href":"https:\/\/jorgezanoni.com.br\/2019\/wp-json\/wp\/v2\/comments?post=50376"}],"version-history":[{"count":0,"href":"https:\/\/jorgezanoni.com.br\/2019\/wp-json\/wp\/v2\/posts\/50376\/revisions"}],"wp:featuredmedia":[{"embeddable":true,"href":"https:\/\/jorgezanoni.com.br\/2019\/wp-json\/wp\/v2\/media\/50377"}],"wp:attachment":[{"href":"https:\/\/jorgezanoni.com.br\/2019\/wp-json\/wp\/v2\/media?parent=50376"}],"wp:term":[{"taxonomy":"category","embeddable":true,"href":"https:\/\/jorgezanoni.com.br\/2019\/wp-json\/wp\/v2\/categories?post=50376"},{"taxonomy":"post_tag","embeddable":true,"href":"https:\/\/jorgezanoni.com.br\/2019\/wp-json\/wp\/v2\/tags?post=50376"}],"curies":[{"name":"wp","href":"https:\/\/api.w.org\/{rel}","templated":true}]}}