{"id":50372,"date":"2021-07-05T21:03:48","date_gmt":"2021-07-05T21:03:48","guid":{"rendered":"https:\/\/jorgezanoni.com.br\/2019\/?p=50372"},"modified":"2021-07-05T21:03:48","modified_gmt":"2021-07-05T21:03:48","slug":"confira-o-cronograma-da-vacina-covid-de-terca-ate-quinta-feira-em-dracena","status":"publish","type":"post","link":"https:\/\/jorgezanoni.com.br\/2019\/confira-o-cronograma-da-vacina-covid-de-terca-ate-quinta-feira-em-dracena\/","title":{"rendered":"Confira o cronograma da Vacina COVID de ter\u00e7a at\u00e9 quinta-feira em Dracena"},"content":{"rendered":"<div class=\"ntc_resumo_noticia sw_lato_bold\" style=\"text-align: justify;\"><strong>A vacina\u00e7\u00e3o no munic\u00edpio avan\u00e7ou um pouco mais esta semana: mais de 50% da popula\u00e7\u00e3o total receberam a primeira dose da vacina.<\/strong><\/div>\n<div><\/div>\n<div class=\"ntc_descricao_noticia\">\n<div class=\"ntc_cont_descricao_noticia sw_txteditor\">\n<div style=\"text-align: justify;\">O munic\u00edpio de Dracena avan\u00e7a mais um pouco no cronograma da vacina covid 19. Nesta semana confira como ser\u00e1:<br \/>\nTer\u00e7a 06\/07 &#8211; 35 anos<br \/>\nQuarta 07\/07 &#8211; 34 anos<br \/>\nQuinta 08\/07 &#8211; 33 anos<br \/>\nOs\u00a0postos de vacina\u00e7\u00e3o s\u00e3o: CEP-UME, das\u00a08h \u00e0s 13h;\u00a0Jo\u00e3o Vendramini, das 8h \u00e0s 12h.<br \/>\nPessoas que puderem colaborar e doar um quilo de alimento para a campanha vacina contra a fome ser\u00e1 muito bem-vindo para a Assist\u00eancia Social atender\u00a0fam\u00edlias que necessitam.<br \/>\nA secret\u00e1ria de Sa\u00fade Cl\u00e1udia Luginick aproveita a oportunidade para\u00a0alertar que vacina boa \u00e9 vacina no bra\u00e7o. &#8220;Todos os imunizantes s\u00e3o eficazes, portanto n\u00e3o escolha qual vacina ir\u00e1 tomar, o importante \u00e9 se vacinar&#8221;, diz Cl\u00e1udia.<br \/>\nO coronav\u00edrus n\u00e3o espera voc\u00ea escolher! N\u00e3o h\u00e1 motivos para selecionar qual marca de vacina vai proteger a sua vida, todas elas s\u00e3o seguras. \u00c9 preciso se imunizar para garantir a sua sa\u00fade e dos outros.<br \/>\nTodos os imunizantes utilizados no pa\u00eds foram testados e aprovados pela Ag\u00eancia Nacional de Vigil\u00e2ncia Sanit\u00e1ria (Anvisa) e possuem um \u00fanico objetivo: salvar vidas!<br \/>\nLogo todos estar\u00e3o protegidos contra a COVID-19. Fa\u00e7a o pr\u00e9-cadastro no site\u00a0<a tabindex=\"0\" role=\"link\" href=\"http:\/\/www.vacinaja.sp.gov.br\/?fbclid=IwAR2hQfn6-ds-M3IuIDtoQG4t1HwwXCQcwYf2NTeAnQtONntp9F2se1V_CJg\" target=\"_blank\" rel=\"nofollow noopener\">www.vacinaja.sp.gov.br<\/a><\/p>\n<p><strong>RANKING DA VACINA\u00c7\u00c3O NO ESTADO\u00a0<\/strong><br \/>\nHoje, 5\/07, Dracena aparece na classifica\u00e7\u00e3o 67\u00b0 no Estado em rela\u00e7\u00e3o ao percentual de aplica\u00e7\u00e3o da primeira dose da vacina covid. No balan\u00e7o do Governo do Estado constam que foram aplicadas 24.983 vacinas (1\u00aa dose), sendo que a\u00a0popula\u00e7\u00e3o local \u00e9 de 47.043, o que corresponde a 53,11% de habitantes.<br \/>\nRessaltamos que o vacin\u00f4metro da Prefeitura aponta que na cidade o total de doses aplicadas\u00a0at\u00e9 sexta-feira que passou, dia 2,\u00a0era\u00a0de 33.440.<\/div>\n<\/div>\n<\/div>\n<div><\/div>\n<div><img loading=\"lazy\" decoding=\"async\" class=\"alignnone size-full wp-image-50374\" src=\"https:\/\/jorgezanoni.com.br\/2019\/wp-content\/uploads\/2021\/07\/vaci1.jpg\" alt=\"\" width=\"800\" height=\"800\" srcset=\"https:\/\/jorgezanoni.com.br\/2019\/wp-content\/uploads\/2021\/07\/vaci1.jpg 800w, https:\/\/jorgezanoni.com.br\/2019\/wp-content\/uploads\/2021\/07\/vaci1-300x300.jpg 300w, https:\/\/jorgezanoni.com.br\/2019\/wp-content\/uploads\/2021\/07\/vaci1-150x150.jpg 150w, https:\/\/jorgezanoni.com.br\/2019\/wp-content\/uploads\/2021\/07\/vaci1-768x768.jpg 768w, https:\/\/jorgezanoni.com.br\/2019\/wp-content\/uploads\/2021\/07\/vaci1-696x696.jpg 696w, https:\/\/jorgezanoni.com.br\/2019\/wp-content\/uploads\/2021\/07\/vaci1-420x420.jpg 420w\" sizes=\"auto, (max-width: 800px) 100vw, 800px\" \/><\/div>\n<div><\/div>\n<div class=\"ntc_descricao_noticia\">\n<div>Fonte: Diretoria de Comunica\u00e7\u00e3o<\/div>\n<\/div>\n","protected":false},"excerpt":{"rendered":"<p>A vacina\u00e7\u00e3o no munic\u00edpio avan\u00e7ou um pouco mais esta semana: mais de 50% da popula\u00e7\u00e3o total receberam a primeira dose da vacina. O munic\u00edpio de Dracena avan\u00e7a mais um pouco no cronograma da vacina covid 19. Nesta semana confira como ser\u00e1: Ter\u00e7a 06\/07 &#8211; 35 anos Quarta 07\/07 &#8211; 34 anos Quinta 08\/07 &#8211; 33 [&hellip;]<\/p>\n","protected":false},"author":1,"featured_media":50373,"comment_status":"closed","ping_status":"open","sticky":false,"template":"","format":"standard","meta":{"footnotes":""},"categories":[179,184,110],"tags":[],"class_list":["post-50372","post","type-post","status-publish","format-standard","has-post-thumbnail","hentry","category-cidadeseregiao","category-dracena","category-noticiasdestaque"],"_links":{"self":[{"href":"https:\/\/jorgezanoni.com.br\/2019\/wp-json\/wp\/v2\/posts\/50372","targetHints":{"allow":["GET"]}}],"collection":[{"href":"https:\/\/jorgezanoni.com.br\/2019\/wp-json\/wp\/v2\/posts"}],"about":[{"href":"https:\/\/jorgezanoni.com.br\/2019\/wp-json\/wp\/v2\/types\/post"}],"author":[{"embeddable":true,"href":"https:\/\/jorgezanoni.com.br\/2019\/wp-json\/wp\/v2\/users\/1"}],"replies":[{"embeddable":true,"href":"https:\/\/jorgezanoni.com.br\/2019\/wp-json\/wp\/v2\/comments?post=50372"}],"version-history":[{"count":0,"href":"https:\/\/jorgezanoni.com.br\/2019\/wp-json\/wp\/v2\/posts\/50372\/revisions"}],"wp:featuredmedia":[{"embeddable":true,"href":"https:\/\/jorgezanoni.com.br\/2019\/wp-json\/wp\/v2\/media\/50373"}],"wp:attachment":[{"href":"https:\/\/jorgezanoni.com.br\/2019\/wp-json\/wp\/v2\/media?parent=50372"}],"wp:term":[{"taxonomy":"category","embeddable":true,"href":"https:\/\/jorgezanoni.com.br\/2019\/wp-json\/wp\/v2\/categories?post=50372"},{"taxonomy":"post_tag","embeddable":true,"href":"https:\/\/jorgezanoni.com.br\/2019\/wp-json\/wp\/v2\/tags?post=50372"}],"curies":[{"name":"wp","href":"https:\/\/api.w.org\/{rel}","templated":true}]}}