{"id":50369,"date":"2021-07-05T15:52:08","date_gmt":"2021-07-05T15:52:08","guid":{"rendered":"https:\/\/jorgezanoni.com.br\/2019\/?p=50369"},"modified":"2021-07-05T15:52:08","modified_gmt":"2021-07-05T15:52:08","slug":"motorista-morre-apos-carro-capotar-varias-vezes-em-rodovia","status":"publish","type":"post","link":"https:\/\/jorgezanoni.com.br\/2019\/motorista-morre-apos-carro-capotar-varias-vezes-em-rodovia\/","title":{"rendered":"Motorista morre ap\u00f3s carro capotar v\u00e1rias vezes em rodovia"},"content":{"rendered":"<p style=\"text-align: justify;\">Um tr\u00e1gico acidente matou um motorista na noite deste domingo, dia 05, na rodovia Francisco Gabriel da Mota (SP-266), em C\u00e2ndido Mota (SP). O ve\u00edculo capotou v\u00e1rias vezes e parou apenas ao colidir contra um poste.<\/p>\n<p style=\"text-align: justify;\">Leone de Mello, de 35 anos, conduzia um VW\/Voyage pela rodovia, sentido Flor\u00ednea-C\u00e2ndido Mota, quando, por motivos a serem averiguados, perdeu o controle da dire\u00e7\u00e3o e capotou.<\/p>\n<p style=\"text-align: justify;\"><img loading=\"lazy\" decoding=\"async\" class=\"aligncenter\" src=\"https:\/\/i0.wp.com\/www.i7noticias.com\/uploads\/editor\/2021\/27\/images\/11971cd6b4384b77e77580bdce25ac47.jpg?w=740&amp;ssl=1\" width=\"425\" height=\"550\" \/><\/p>\n<p style=\"text-align: justify;\">O carro parou apenas ap\u00f3s colidir contra um poste de transmiss\u00e3o de energia el\u00e9trica.<\/p>\n<p style=\"text-align: justify;\">A v\u00edtima faleceu no local.<\/p>\n<p style=\"text-align: justify;\">A Pol\u00edcia Rodovi\u00e1ria da Base de Assis esteve no local para registrar a ocorr\u00eancia.<\/p>\n<p style=\"text-align: justify;\">Fonte: i7 not\u00edcias<\/p>\n","protected":false},"excerpt":{"rendered":"<p>Um tr\u00e1gico acidente matou um motorista na noite deste domingo, dia 05, na rodovia Francisco Gabriel da Mota (SP-266), em C\u00e2ndido Mota (SP). O ve\u00edculo capotou v\u00e1rias vezes e parou apenas ao colidir contra um poste. Leone de Mello, de 35 anos, conduzia um VW\/Voyage pela rodovia, sentido Flor\u00ednea-C\u00e2ndido Mota, quando, por motivos a serem [&hellip;]<\/p>\n","protected":false},"author":1,"featured_media":50370,"comment_status":"closed","ping_status":"open","sticky":false,"template":"","format":"standard","meta":{"footnotes":""},"categories":[170,110],"tags":[],"class_list":["post-50369","post","type-post","status-publish","format-standard","has-post-thumbnail","hentry","category-acidentes","category-noticiasdestaque"],"_links":{"self":[{"href":"https:\/\/jorgezanoni.com.br\/2019\/wp-json\/wp\/v2\/posts\/50369","targetHints":{"allow":["GET"]}}],"collection":[{"href":"https:\/\/jorgezanoni.com.br\/2019\/wp-json\/wp\/v2\/posts"}],"about":[{"href":"https:\/\/jorgezanoni.com.br\/2019\/wp-json\/wp\/v2\/types\/post"}],"author":[{"embeddable":true,"href":"https:\/\/jorgezanoni.com.br\/2019\/wp-json\/wp\/v2\/users\/1"}],"replies":[{"embeddable":true,"href":"https:\/\/jorgezanoni.com.br\/2019\/wp-json\/wp\/v2\/comments?post=50369"}],"version-history":[{"count":0,"href":"https:\/\/jorgezanoni.com.br\/2019\/wp-json\/wp\/v2\/posts\/50369\/revisions"}],"wp:featuredmedia":[{"embeddable":true,"href":"https:\/\/jorgezanoni.com.br\/2019\/wp-json\/wp\/v2\/media\/50370"}],"wp:attachment":[{"href":"https:\/\/jorgezanoni.com.br\/2019\/wp-json\/wp\/v2\/media?parent=50369"}],"wp:term":[{"taxonomy":"category","embeddable":true,"href":"https:\/\/jorgezanoni.com.br\/2019\/wp-json\/wp\/v2\/categories?post=50369"},{"taxonomy":"post_tag","embeddable":true,"href":"https:\/\/jorgezanoni.com.br\/2019\/wp-json\/wp\/v2\/tags?post=50369"}],"curies":[{"name":"wp","href":"https:\/\/api.w.org\/{rel}","templated":true}]}}