{"id":50366,"date":"2021-07-05T13:55:33","date_gmt":"2021-07-05T13:55:33","guid":{"rendered":"https:\/\/jorgezanoni.com.br\/2019\/?p=50366"},"modified":"2021-07-05T13:55:33","modified_gmt":"2021-07-05T13:55:33","slug":"veja-se-voce-pode-receber-a-vacina-da-gripe-e-se-imunize","status":"publish","type":"post","link":"https:\/\/jorgezanoni.com.br\/2019\/veja-se-voce-pode-receber-a-vacina-da-gripe-e-se-imunize\/","title":{"rendered":"Veja se voc\u00ea pode receber a Vacina da Gripe e se Imunize"},"content":{"rendered":"<div class=\"ntc_resumo_noticia sw_lato_bold\" style=\"text-align: justify;\"><strong>No s\u00e1bado houve campanha, por\u00e9m o n\u00famero de vacinados foi abaixo do esperado.<\/strong><\/div>\n<div style=\"text-align: justify;\"><\/div>\n<div class=\"ntc_descricao_noticia\">\n<div class=\"ntc_cont_descricao_noticia sw_txteditor\">\n<div style=\"text-align: justify;\">No s\u00e1bado, 3, durante a vacina\u00e7\u00e3o contra a gripe influenza, na Policl\u00ednica Municipal, no bairro S\u00e3o Crist\u00f3v\u00e3o e na ESF do Jardim Brasil\u00e2ndia, foram imunizadas 87 pessoas. A Secretaria Municipal de Sa\u00fade considera\u00a0o n\u00famero baixo e alerta as pessoas que est\u00e3o nos grupos contemplados neste momento a irem se vacinar.<br \/>\nO posto de vacina\u00e7\u00e3o da gripe fica na Policl\u00ednica e atende de segunda \u00e0 sexta-feira das 8h \u00e0s 12h, deve-se levar al\u00e9m de documentos citados abaixo a caderneta de vacina\u00e7\u00e3o.<\/p>\n<p><strong>CONFIRA OS N\u00daMEROS ATINGIDOS NO S\u00c1BADO<\/strong><br \/>\nCrian\u00e7as 6 meses a 1 ano 11 meses e 29 dias : 1<br \/>\nCrian\u00e7as com idade 2 a &lt; 5 anos: 4<br \/>\nTrabalhador Sa\u00fade: 10<br \/>\nIdosos: 33<br \/>\nProfessores: 11<br \/>\nComorbidades: 28<\/p>\n<p><strong>OS GRUPOS CONTEMPLADOS S\u00c3O:<\/strong><br \/>\n&#8211;\u00a0Crian\u00e7as de 06 meses a menores de 06 anos (05 anos, 11 meses e 29 dias), levar a caderneta de vacina\u00e7\u00e3o.<br \/>\n&#8211;\u00a0Pessoas com 60 anos ou mais, levar RG e CPF.<br \/>\n&#8211;\u00a0Professores da rede p\u00fablica privada, levar holerite do m\u00eas anterior, RG e CPF.<br \/>\n&#8211;\u00a0Profissionais de sa\u00fade, levar carteira profissional da categoria.<br \/>\nCaminhoneiros:\u00a0mediante apresenta\u00e7\u00e3o de documento que comprove o exerc\u00edcio efetivo da fun\u00e7\u00e3o de motorista profissional do transporte rodovi\u00e1rio de cargas (caminhoneiro), RG e CPF.<br \/>\nProfissionais da For\u00e7a de seguran\u00e7a e salvamento:\u00a0mediante apresenta\u00e7\u00e3o de documento que comprove sua atua\u00e7\u00e3o na for\u00e7a de seguran\u00e7a e salvamento. Integram esse grupo: policiais federais, militares, civis e rodovi\u00e1rios; bombeiros militares e civis; e guardas municipais.<br \/>\nTrabalhadores de transporte coletivo rodovi\u00e1rio passageiros urbano e de longo curso:\u00a0mediante apresenta\u00e7\u00e3o de documento que comprove o exerc\u00edcio efetivo da fun\u00e7\u00e3o de motorista\/cobrador profissional do transporte de passageiros. Integram esse grupo: motoristas e cobradores de transporte coletivo rodovi\u00e1rio de passageiros.<br \/>\nPessoas com defici\u00eancia permanente: mediante apresenta\u00e7\u00e3o de atestado m\u00e9dico, receita ou exames que comprovem a condi\u00e7\u00e3o.<br \/>\nPessoas portadoras de doen\u00e7as cr\u00f4nicas n\u00e3o transmiss\u00edveis e outras condi\u00e7\u00f5es cl\u00ednicas: mediante apresenta\u00e7\u00e3o de atestado m\u00e9dico, receita ou exames que comprovem a condi\u00e7\u00e3o conforme quadro abaixo:<\/div>\n<table border=\"1\" cellspacing=\"0\" cellpadding=\"0\">\n<tbody>\n<tr>\n<td><strong>Categoria<\/strong><\/td>\n<td><strong>Indica\u00e7\u00f5es<\/strong><\/td>\n<\/tr>\n<tr>\n<td>Doen\u00e7a respirat\u00f3ria cr\u00f4nica<\/td>\n<td>Asma em uso de corticoide inalat\u00f3rio ou sist\u00eamico (moderada ou grave);<br \/>\nDoen\u00e7a Pulmonar Obstrutiva Cr\u00f4nica (DPOC);<br \/>\nBronquiectasia;<br \/>\nFibrose C\u00edstica;<br \/>\nDoen\u00e7as Intersticiais do pulm\u00e3o;<br \/>\nDisplasia broncopulmonar;<br \/>\nHipertens\u00e3o arterial Pulmonar;<br \/>\nCrian\u00e7as com doen\u00e7a pulmonar cr\u00f4nica da prematuridade.<\/td>\n<\/tr>\n<tr>\n<td>Doen\u00e7a card\u00edaca cr\u00f4nica<\/td>\n<td>Doen\u00e7a card\u00edaca cong\u00eanita;<br \/>\nHipertens\u00e3o arterial sist\u00eamica com comorbidade;<br \/>\nDoen\u00e7a card\u00edaca isqu\u00eamica;<br \/>\nInsufici\u00eancia card\u00edaca.<\/td>\n<\/tr>\n<tr>\n<td>Doen\u00e7a renal cr\u00f4nica<\/td>\n<td>Doen\u00e7a renal nos est\u00e1gios, 3,4 e 5;<br \/>\nS\u00edndrome nefr\u00f3tica;<br \/>\nPaciente em di\u00e1lise.<\/td>\n<\/tr>\n<tr>\n<td>Doen\u00e7a hep\u00e1tica cr\u00f4nica<\/td>\n<td>Atresia biliar;<br \/>\nHepatites Cr\u00f4nicas;<br \/>\nCirrose.<\/td>\n<\/tr>\n<tr>\n<td>Doen\u00e7a neurol\u00f3gica cr\u00f4nica<\/td>\n<td>Condi\u00e7\u00f5es em que a fun\u00e7\u00e3o respirat\u00f3ria pode estar comprometida pela doen\u00e7a neurol\u00f3gica;<br \/>\nConsiderar as necessidades cl\u00ednicas individuais dos pacientes incluindo AVC, indiv\u00edduos com paralisia cerebral, esclerose m\u00faltipla e condi\u00e7\u00f5es similares;<br \/>\nDoen\u00e7as heredit\u00e1rias e degenerativas do sistema nervoso ou muscular;<br \/>\nDefici\u00eancia neurol\u00f3gica grave.<\/td>\n<\/tr>\n<tr>\n<td>Diabetes<\/td>\n<td>Diabetes Mellitus tipo I e tipo II em uso de medicamentos<\/td>\n<\/tr>\n<tr>\n<td>Obesos<\/td>\n<td>Obesidade m\u00f3rbida grau III<\/td>\n<\/tr>\n<tr>\n<td>Transplantados<\/td>\n<td>\u00d3rg\u00e3os s\u00f3lidos;<br \/>\nMedula \u00f3ssea.<\/td>\n<\/tr>\n<tr>\n<td>Portadores de trissomias<\/td>\n<td>S\u00edndrome de Down, S\u00edndrome de Klinefelter<br \/>\nS\u00edndrome de Warkany, dentre outras trissomias<\/td>\n<\/tr>\n<\/tbody>\n<\/table>\n<p>Fonte: Diretoria de Comunica\u00e7\u00e3o<\/p>\n<\/div>\n<div class=\"ntc_area_info_noticia sw_lato\">\n<div><\/div>\n<\/div>\n<\/div>\n","protected":false},"excerpt":{"rendered":"<p>No s\u00e1bado houve campanha, por\u00e9m o n\u00famero de vacinados foi abaixo do esperado. No s\u00e1bado, 3, durante a vacina\u00e7\u00e3o contra a gripe influenza, na Policl\u00ednica Municipal, no bairro S\u00e3o Crist\u00f3v\u00e3o e na ESF do Jardim Brasil\u00e2ndia, foram imunizadas 87 pessoas. A Secretaria Municipal de Sa\u00fade considera\u00a0o n\u00famero baixo e alerta as pessoas que est\u00e3o nos [&hellip;]<\/p>\n","protected":false},"author":1,"featured_media":50367,"comment_status":"closed","ping_status":"open","sticky":false,"template":"","format":"standard","meta":{"footnotes":""},"categories":[179,184,110],"tags":[],"class_list":["post-50366","post","type-post","status-publish","format-standard","has-post-thumbnail","hentry","category-cidadeseregiao","category-dracena","category-noticiasdestaque"],"_links":{"self":[{"href":"https:\/\/jorgezanoni.com.br\/2019\/wp-json\/wp\/v2\/posts\/50366","targetHints":{"allow":["GET"]}}],"collection":[{"href":"https:\/\/jorgezanoni.com.br\/2019\/wp-json\/wp\/v2\/posts"}],"about":[{"href":"https:\/\/jorgezanoni.com.br\/2019\/wp-json\/wp\/v2\/types\/post"}],"author":[{"embeddable":true,"href":"https:\/\/jorgezanoni.com.br\/2019\/wp-json\/wp\/v2\/users\/1"}],"replies":[{"embeddable":true,"href":"https:\/\/jorgezanoni.com.br\/2019\/wp-json\/wp\/v2\/comments?post=50366"}],"version-history":[{"count":0,"href":"https:\/\/jorgezanoni.com.br\/2019\/wp-json\/wp\/v2\/posts\/50366\/revisions"}],"wp:featuredmedia":[{"embeddable":true,"href":"https:\/\/jorgezanoni.com.br\/2019\/wp-json\/wp\/v2\/media\/50367"}],"wp:attachment":[{"href":"https:\/\/jorgezanoni.com.br\/2019\/wp-json\/wp\/v2\/media?parent=50366"}],"wp:term":[{"taxonomy":"category","embeddable":true,"href":"https:\/\/jorgezanoni.com.br\/2019\/wp-json\/wp\/v2\/categories?post=50366"},{"taxonomy":"post_tag","embeddable":true,"href":"https:\/\/jorgezanoni.com.br\/2019\/wp-json\/wp\/v2\/tags?post=50366"}],"curies":[{"name":"wp","href":"https:\/\/api.w.org\/{rel}","templated":true}]}}