{"id":50323,"date":"2021-07-04T19:31:20","date_gmt":"2021-07-04T19:31:20","guid":{"rendered":"https:\/\/jorgezanoni.com.br\/2019\/?p=50323"},"modified":"2021-07-04T22:18:59","modified_gmt":"2021-07-04T22:18:59","slug":"morre-lucilene-pessoa-sanches-de-48-anos","status":"publish","type":"post","link":"https:\/\/jorgezanoni.com.br\/2019\/morre-lucilene-pessoa-sanches-de-48-anos\/","title":{"rendered":"Morre Lucilene Pessoa Sanches de 48 anos"},"content":{"rendered":"<p style=\"text-align: justify;\">Comunicamos com pesar o falecimento da senhora Lucilene pessoa Sanches\u00a0 de 48 anos. Ela estava internada em tratamento da COVID e n\u00e3o resistiu vindo a \u00f3bito.<\/p>\n<p style=\"text-align: justify;\">Deixa esposo, filhos, demais familiares e amigos.<\/p>\n<p style=\"text-align: justify;\">Segundo informa\u00e7\u00f5es, foi colaboradora do Supermercados Troyano por muitos anos e atualmente era propriet\u00e1ria da Panificadora Caf\u00e9 com P\u00e3o na Avenida Jos\u00e9 Bonif\u00e1cio em Dracena.<\/p>\n<p style=\"text-align: justify;\">O Site JZ se solidariza com a fam\u00edlia e amigos, neste dif\u00edcil momento.<\/p>\n<p style=\"text-align: justify;\">Jorge Zanoni<\/p>\n<p><img loading=\"lazy\" decoding=\"async\" class=\"alignnone size-full wp-image-50334\" src=\"https:\/\/jorgezanoni.com.br\/2019\/wp-content\/uploads\/2021\/07\/Lucilene-1.jpg\" alt=\"\" width=\"1923\" height=\"1804\" srcset=\"https:\/\/jorgezanoni.com.br\/2019\/wp-content\/uploads\/2021\/07\/Lucilene-1.jpg 1923w, https:\/\/jorgezanoni.com.br\/2019\/wp-content\/uploads\/2021\/07\/Lucilene-1-300x281.jpg 300w, https:\/\/jorgezanoni.com.br\/2019\/wp-content\/uploads\/2021\/07\/Lucilene-1-1024x961.jpg 1024w, https:\/\/jorgezanoni.com.br\/2019\/wp-content\/uploads\/2021\/07\/Lucilene-1-768x720.jpg 768w, https:\/\/jorgezanoni.com.br\/2019\/wp-content\/uploads\/2021\/07\/Lucilene-1-1536x1441.jpg 1536w, https:\/\/jorgezanoni.com.br\/2019\/wp-content\/uploads\/2021\/07\/Lucilene-1-696x653.jpg 696w, https:\/\/jorgezanoni.com.br\/2019\/wp-content\/uploads\/2021\/07\/Lucilene-1-1068x1002.jpg 1068w, https:\/\/jorgezanoni.com.br\/2019\/wp-content\/uploads\/2021\/07\/Lucilene-1-448x420.jpg 448w\" sizes=\"auto, (max-width: 1923px) 100vw, 1923px\" \/><\/p>\n<p>&nbsp;<\/p>\n<p>&nbsp;<\/p>\n","protected":false},"excerpt":{"rendered":"<p>Comunicamos com pesar o falecimento da senhora Lucilene pessoa Sanches\u00a0 de 48 anos. Ela estava internada em tratamento da COVID e n\u00e3o resistiu vindo a \u00f3bito. Deixa esposo, filhos, demais familiares e amigos. Segundo informa\u00e7\u00f5es, foi colaboradora do Supermercados Troyano por muitos anos e atualmente era propriet\u00e1ria da Panificadora Caf\u00e9 com P\u00e3o na Avenida Jos\u00e9 [&hellip;]<\/p>\n","protected":false},"author":1,"featured_media":50324,"comment_status":"closed","ping_status":"open","sticky":false,"template":"","format":"standard","meta":{"footnotes":""},"categories":[178,110],"tags":[],"class_list":["post-50323","post","type-post","status-publish","format-standard","has-post-thumbnail","hentry","category-notadefalecimento","category-noticiasdestaque"],"_links":{"self":[{"href":"https:\/\/jorgezanoni.com.br\/2019\/wp-json\/wp\/v2\/posts\/50323","targetHints":{"allow":["GET"]}}],"collection":[{"href":"https:\/\/jorgezanoni.com.br\/2019\/wp-json\/wp\/v2\/posts"}],"about":[{"href":"https:\/\/jorgezanoni.com.br\/2019\/wp-json\/wp\/v2\/types\/post"}],"author":[{"embeddable":true,"href":"https:\/\/jorgezanoni.com.br\/2019\/wp-json\/wp\/v2\/users\/1"}],"replies":[{"embeddable":true,"href":"https:\/\/jorgezanoni.com.br\/2019\/wp-json\/wp\/v2\/comments?post=50323"}],"version-history":[{"count":0,"href":"https:\/\/jorgezanoni.com.br\/2019\/wp-json\/wp\/v2\/posts\/50323\/revisions"}],"wp:featuredmedia":[{"embeddable":true,"href":"https:\/\/jorgezanoni.com.br\/2019\/wp-json\/wp\/v2\/media\/50324"}],"wp:attachment":[{"href":"https:\/\/jorgezanoni.com.br\/2019\/wp-json\/wp\/v2\/media?parent=50323"}],"wp:term":[{"taxonomy":"category","embeddable":true,"href":"https:\/\/jorgezanoni.com.br\/2019\/wp-json\/wp\/v2\/categories?post=50323"},{"taxonomy":"post_tag","embeddable":true,"href":"https:\/\/jorgezanoni.com.br\/2019\/wp-json\/wp\/v2\/tags?post=50323"}],"curies":[{"name":"wp","href":"https:\/\/api.w.org\/{rel}","templated":true}]}}