{"id":50259,"date":"2021-07-02T21:02:18","date_gmt":"2021-07-02T21:02:18","guid":{"rendered":"https:\/\/jorgezanoni.com.br\/2019\/?p=50259"},"modified":"2021-07-02T21:02:18","modified_gmt":"2021-07-02T21:02:18","slug":"policia-civil-cumpre-mandado-de-prisao-contra-autor-de-estupro-de-vulneravel-em-junqueiropolis","status":"publish","type":"post","link":"https:\/\/jorgezanoni.com.br\/2019\/policia-civil-cumpre-mandado-de-prisao-contra-autor-de-estupro-de-vulneravel-em-junqueiropolis\/","title":{"rendered":"Pol\u00edcia Civil cumpre mandado de pris\u00e3o contra autor de estupro de vulner\u00e1vel em Junqueir\u00f3polis."},"content":{"rendered":"<p style=\"text-align: justify;\"><strong>O acusado n\u00e3o ofereceu resist\u00eancia \u00e0 pris\u00e3o. E a ordem judicial era em decorr\u00eancia de uma senten\u00e7a em definitivo de pris\u00e3o, expedida pelo Tribunal de Justi\u00e7a.<\/strong><\/p>\n<p style=\"text-align: justify;\">A Pol\u00edcia Civil, por interm\u00e9dio da Delegacia de Pol\u00edcia de Junqueir\u00f3polis, nesta sexta-feira (2), deu cumprimento ao mandado de pris\u00e3o em senten\u00e7a definitiva de um homem, de 55 anos, condenado pela pr\u00e1tica do crime de estupro de vulner\u00e1vel. A pris\u00e3o ocorreu na cidade de Junqueir\u00f3polis, e o autor n\u00e3o ofereceu resist\u00eancia a abordagem policial.<\/p>\n<p style=\"text-align: justify;\">O homem foi conduzido \u00e0 delegacia de pol\u00edcia, onde foi dado o inteiro cumprimento ao referido documento judicial. O autor foi condenado a cumprir pena de 9 anos e 4 meses de reclus\u00e3o. E ap\u00f3s, os procedimentos cab\u00edveis, ele foi encaminhado para uma unidade do sistema penitenci\u00e1rio, onde ficar\u00e1 \u00e0 disposi\u00e7\u00e3o da Justi\u00e7a.<\/p>\n<p style=\"text-align: justify;\">A popula\u00e7\u00e3o pode contribuir com informa\u00e7\u00f5es sobre crimes e procurados da Justi\u00e7a, por meio do Disque-Den\u00fancia, o 181, e ou pelo fone (18) 3842 1714, da Delegacia de Pol\u00edcia de Junqueir\u00f3polis. O sigilo e o anonimato s\u00e3o garantidos.<\/p>\n<p style=\"text-align: justify;\">Fonte: Com. Social Pol\u00edcia Civil<\/p>\n","protected":false},"excerpt":{"rendered":"<p>O acusado n\u00e3o ofereceu resist\u00eancia \u00e0 pris\u00e3o. E a ordem judicial era em decorr\u00eancia de uma senten\u00e7a em definitivo de pris\u00e3o, expedida pelo Tribunal de Justi\u00e7a. A Pol\u00edcia Civil, por interm\u00e9dio da Delegacia de Pol\u00edcia de Junqueir\u00f3polis, nesta sexta-feira (2), deu cumprimento ao mandado de pris\u00e3o em senten\u00e7a definitiva de um homem, de 55 anos, [&hellip;]<\/p>\n","protected":false},"author":1,"featured_media":50260,"comment_status":"closed","ping_status":"open","sticky":false,"template":"","format":"standard","meta":{"footnotes":""},"categories":[110,2],"tags":[],"class_list":["post-50259","post","type-post","status-publish","format-standard","has-post-thumbnail","hentry","category-noticiasdestaque","category-policial"],"_links":{"self":[{"href":"https:\/\/jorgezanoni.com.br\/2019\/wp-json\/wp\/v2\/posts\/50259","targetHints":{"allow":["GET"]}}],"collection":[{"href":"https:\/\/jorgezanoni.com.br\/2019\/wp-json\/wp\/v2\/posts"}],"about":[{"href":"https:\/\/jorgezanoni.com.br\/2019\/wp-json\/wp\/v2\/types\/post"}],"author":[{"embeddable":true,"href":"https:\/\/jorgezanoni.com.br\/2019\/wp-json\/wp\/v2\/users\/1"}],"replies":[{"embeddable":true,"href":"https:\/\/jorgezanoni.com.br\/2019\/wp-json\/wp\/v2\/comments?post=50259"}],"version-history":[{"count":0,"href":"https:\/\/jorgezanoni.com.br\/2019\/wp-json\/wp\/v2\/posts\/50259\/revisions"}],"wp:featuredmedia":[{"embeddable":true,"href":"https:\/\/jorgezanoni.com.br\/2019\/wp-json\/wp\/v2\/media\/50260"}],"wp:attachment":[{"href":"https:\/\/jorgezanoni.com.br\/2019\/wp-json\/wp\/v2\/media?parent=50259"}],"wp:term":[{"taxonomy":"category","embeddable":true,"href":"https:\/\/jorgezanoni.com.br\/2019\/wp-json\/wp\/v2\/categories?post=50259"},{"taxonomy":"post_tag","embeddable":true,"href":"https:\/\/jorgezanoni.com.br\/2019\/wp-json\/wp\/v2\/tags?post=50259"}],"curies":[{"name":"wp","href":"https:\/\/api.w.org\/{rel}","templated":true}]}}