{"id":50235,"date":"2021-07-02T15:08:49","date_gmt":"2021-07-02T15:08:49","guid":{"rendered":"https:\/\/jorgezanoni.com.br\/2019\/?p=50235"},"modified":"2021-07-02T15:10:13","modified_gmt":"2021-07-02T15:10:13","slug":"ana-lucia-costa-deixa-secretaria-e-assume-silas-teixeira","status":"publish","type":"post","link":"https:\/\/jorgezanoni.com.br\/2019\/ana-lucia-costa-deixa-secretaria-e-assume-silas-teixeira\/","title":{"rendered":"Ana Lucia Costa deixa Secretaria e assume Silas Teixeira"},"content":{"rendered":"<p style=\"text-align: justify;\">SILAS TEIXEIRA ASSUME COMANDO DA SECRETARIA DE AGRICULTURA, MEIO AMBIENTE E LIMPEZA P\u00daBLICA<\/p>\n<p style=\"text-align: justify;\">A Secretaria de Agricultura, Meio Ambiente e Limpeza P\u00fablica de Dracena est\u00e1 com novo secret\u00e1rio. O diretor de Agricultura Silas Teixeira assumiu a pasta no lugar da ent\u00e3o secret\u00e1ria Ana L\u00facia Costa.<br \/>\nEla apresentou pedido de exonera\u00e7\u00e3o ao prefeito Andr\u00e9 Lemos, por motivos particulares.<br \/>\nSilas tem forma\u00e7\u00e3o acad\u00eamica em Direito e atuou em multinacionais no segmento de lideran\u00e7a pessoais.<br \/>\nO prefeito Andr\u00e9 agradece\u00a0Ana L\u00facia pelo trabalho que desenvolveu a frente da Agricultura durante esses seis meses.<\/p>\n<p>Fonte: Diretoria de Comunica\u00e7\u00e3o<\/p>\n<p><img loading=\"lazy\" decoding=\"async\" class=\"alignnone size-full wp-image-50236\" src=\"https:\/\/jorgezanoni.com.br\/2019\/wp-content\/uploads\/2021\/07\/Ana-Lucia.jpg\" alt=\"\" width=\"524\" height=\"540\" srcset=\"https:\/\/jorgezanoni.com.br\/2019\/wp-content\/uploads\/2021\/07\/Ana-Lucia.jpg 524w, https:\/\/jorgezanoni.com.br\/2019\/wp-content\/uploads\/2021\/07\/Ana-Lucia-291x300.jpg 291w, https:\/\/jorgezanoni.com.br\/2019\/wp-content\/uploads\/2021\/07\/Ana-Lucia-408x420.jpg 408w\" sizes=\"auto, (max-width: 524px) 100vw, 524px\" \/>Ana Lucia Costa<\/p>\n","protected":false},"excerpt":{"rendered":"<p>SILAS TEIXEIRA ASSUME COMANDO DA SECRETARIA DE AGRICULTURA, MEIO AMBIENTE E LIMPEZA P\u00daBLICA A Secretaria de Agricultura, Meio Ambiente e Limpeza P\u00fablica de Dracena est\u00e1 com novo secret\u00e1rio. O diretor de Agricultura Silas Teixeira assumiu a pasta no lugar da ent\u00e3o secret\u00e1ria Ana L\u00facia Costa. Ela apresentou pedido de exonera\u00e7\u00e3o ao prefeito Andr\u00e9 Lemos, por [&hellip;]<\/p>\n","protected":false},"author":1,"featured_media":50237,"comment_status":"closed","ping_status":"open","sticky":false,"template":"","format":"standard","meta":{"footnotes":""},"categories":[176,110],"tags":[],"class_list":["post-50235","post","type-post","status-publish","format-standard","has-post-thumbnail","hentry","category-meioambienteeagricultura","category-noticiasdestaque"],"_links":{"self":[{"href":"https:\/\/jorgezanoni.com.br\/2019\/wp-json\/wp\/v2\/posts\/50235","targetHints":{"allow":["GET"]}}],"collection":[{"href":"https:\/\/jorgezanoni.com.br\/2019\/wp-json\/wp\/v2\/posts"}],"about":[{"href":"https:\/\/jorgezanoni.com.br\/2019\/wp-json\/wp\/v2\/types\/post"}],"author":[{"embeddable":true,"href":"https:\/\/jorgezanoni.com.br\/2019\/wp-json\/wp\/v2\/users\/1"}],"replies":[{"embeddable":true,"href":"https:\/\/jorgezanoni.com.br\/2019\/wp-json\/wp\/v2\/comments?post=50235"}],"version-history":[{"count":0,"href":"https:\/\/jorgezanoni.com.br\/2019\/wp-json\/wp\/v2\/posts\/50235\/revisions"}],"wp:featuredmedia":[{"embeddable":true,"href":"https:\/\/jorgezanoni.com.br\/2019\/wp-json\/wp\/v2\/media\/50237"}],"wp:attachment":[{"href":"https:\/\/jorgezanoni.com.br\/2019\/wp-json\/wp\/v2\/media?parent=50235"}],"wp:term":[{"taxonomy":"category","embeddable":true,"href":"https:\/\/jorgezanoni.com.br\/2019\/wp-json\/wp\/v2\/categories?post=50235"},{"taxonomy":"post_tag","embeddable":true,"href":"https:\/\/jorgezanoni.com.br\/2019\/wp-json\/wp\/v2\/tags?post=50235"}],"curies":[{"name":"wp","href":"https:\/\/api.w.org\/{rel}","templated":true}]}}