{"id":50229,"date":"2021-07-02T14:38:35","date_gmt":"2021-07-02T14:38:35","guid":{"rendered":"https:\/\/jorgezanoni.com.br\/2019\/?p=50229"},"modified":"2021-07-02T14:52:27","modified_gmt":"2021-07-02T14:52:27","slug":"morre-a-jovem-mariana-de-carvalho-engenheira-da-empresa-coimma","status":"publish","type":"post","link":"https:\/\/jorgezanoni.com.br\/2019\/morre-a-jovem-mariana-de-carvalho-engenheira-da-empresa-coimma\/","title":{"rendered":"Morre a jovem Mariana de Carvalho, Engenheira da empresa Coimma"},"content":{"rendered":"<p style=\"text-align: justify;\">Comunicamos com pesar o falecimento da jovem Mariana de Carvalho Biloria Comisso de 24 anos. Ela estava intenada na cidade de Presidente Prudente. Estava gr\u00e1vida de 4 meses.<\/p>\n<p style=\"text-align: justify;\">Mariana era casada, deixa o esposo, demais familiares e amigos.<\/p>\n<p style=\"text-align: justify;\">O Vel\u00f3rio acontece no Memorial Vida Prev hoje das 18 \u00e0s 21 Hs. e amanh\u00e3 das 7 \u00e0s 10 Hs. quando ocorre o Sepultamento no Cemit\u00e9rio Municipal de Dracena.<\/p>\n<p style=\"text-align: justify;\">O Site JZ se solidariza com a fam\u00edlia e amigos neste dif\u00edcil momento.<\/p>\n<p style=\"text-align: justify;\">Jorge Zanoni<\/p>\n<p><img loading=\"lazy\" decoding=\"async\" class=\"alignnone size-full wp-image-50230\" src=\"https:\/\/jorgezanoni.com.br\/2019\/wp-content\/uploads\/2021\/07\/Mariana.jpg\" alt=\"\" width=\"1280\" height=\"1279\" srcset=\"https:\/\/jorgezanoni.com.br\/2019\/wp-content\/uploads\/2021\/07\/Mariana.jpg 1280w, https:\/\/jorgezanoni.com.br\/2019\/wp-content\/uploads\/2021\/07\/Mariana-300x300.jpg 300w, https:\/\/jorgezanoni.com.br\/2019\/wp-content\/uploads\/2021\/07\/Mariana-1024x1024.jpg 1024w, https:\/\/jorgezanoni.com.br\/2019\/wp-content\/uploads\/2021\/07\/Mariana-150x150.jpg 150w, https:\/\/jorgezanoni.com.br\/2019\/wp-content\/uploads\/2021\/07\/Mariana-768x767.jpg 768w, https:\/\/jorgezanoni.com.br\/2019\/wp-content\/uploads\/2021\/07\/Mariana-696x695.jpg 696w, https:\/\/jorgezanoni.com.br\/2019\/wp-content\/uploads\/2021\/07\/Mariana-1068x1067.jpg 1068w, https:\/\/jorgezanoni.com.br\/2019\/wp-content\/uploads\/2021\/07\/Mariana-420x420.jpg 420w\" sizes=\"auto, (max-width: 1280px) 100vw, 1280px\" \/><\/p>\n","protected":false},"excerpt":{"rendered":"<p>Comunicamos com pesar o falecimento da jovem Mariana de Carvalho Biloria Comisso de 24 anos. Ela estava intenada na cidade de Presidente Prudente. Estava gr\u00e1vida de 4 meses. Mariana era casada, deixa o esposo, demais familiares e amigos. O Vel\u00f3rio acontece no Memorial Vida Prev hoje das 18 \u00e0s 21 Hs. e amanh\u00e3 das 7 [&hellip;]<\/p>\n","protected":false},"author":1,"featured_media":50231,"comment_status":"closed","ping_status":"open","sticky":false,"template":"","format":"standard","meta":{"footnotes":""},"categories":[178,110],"tags":[],"class_list":["post-50229","post","type-post","status-publish","format-standard","has-post-thumbnail","hentry","category-notadefalecimento","category-noticiasdestaque"],"_links":{"self":[{"href":"https:\/\/jorgezanoni.com.br\/2019\/wp-json\/wp\/v2\/posts\/50229","targetHints":{"allow":["GET"]}}],"collection":[{"href":"https:\/\/jorgezanoni.com.br\/2019\/wp-json\/wp\/v2\/posts"}],"about":[{"href":"https:\/\/jorgezanoni.com.br\/2019\/wp-json\/wp\/v2\/types\/post"}],"author":[{"embeddable":true,"href":"https:\/\/jorgezanoni.com.br\/2019\/wp-json\/wp\/v2\/users\/1"}],"replies":[{"embeddable":true,"href":"https:\/\/jorgezanoni.com.br\/2019\/wp-json\/wp\/v2\/comments?post=50229"}],"version-history":[{"count":0,"href":"https:\/\/jorgezanoni.com.br\/2019\/wp-json\/wp\/v2\/posts\/50229\/revisions"}],"wp:featuredmedia":[{"embeddable":true,"href":"https:\/\/jorgezanoni.com.br\/2019\/wp-json\/wp\/v2\/media\/50231"}],"wp:attachment":[{"href":"https:\/\/jorgezanoni.com.br\/2019\/wp-json\/wp\/v2\/media?parent=50229"}],"wp:term":[{"taxonomy":"category","embeddable":true,"href":"https:\/\/jorgezanoni.com.br\/2019\/wp-json\/wp\/v2\/categories?post=50229"},{"taxonomy":"post_tag","embeddable":true,"href":"https:\/\/jorgezanoni.com.br\/2019\/wp-json\/wp\/v2\/tags?post=50229"}],"curies":[{"name":"wp","href":"https:\/\/api.w.org\/{rel}","templated":true}]}}