{"id":50194,"date":"2021-07-01T22:29:15","date_gmt":"2021-07-01T22:29:15","guid":{"rendered":"https:\/\/jorgezanoni.com.br\/2019\/?p=50194"},"modified":"2021-07-01T22:29:15","modified_gmt":"2021-07-01T22:29:15","slug":"comando-do-policiamento-de-area-do-interior-oito-cpi-8-tem-novo-comandante","status":"publish","type":"post","link":"https:\/\/jorgezanoni.com.br\/2019\/comando-do-policiamento-de-area-do-interior-oito-cpi-8-tem-novo-comandante\/","title":{"rendered":"Comando do Policiamento de \u00c1rea do Interior Oito (CPI-8) tem novo comandante"},"content":{"rendered":"<p style=\"text-align: justify;\">No dia 18 de junho pr\u00f3ximo passado, conforme decreto do Governador do Estado de S\u00e3o Paulo publicado no Di\u00e1rio Oficial, foi designado o Coronel PM Adriano Aran\u00e3o, como o novo Comandante de Policiamento do Interior &#8211; Oito (CPI-8).<\/p>\n<p style=\"text-align: justify;\">O CPI-8 \u00e9 o Comando Regional da Pol\u00edcia Militar do Estado de S\u00e3o Paulo, composto por aproximadamente dois mil homens e mulheres, valorosos profissionais respons\u00e1veis pelo planejamento e execu\u00e7\u00e3o das atividades de pol\u00edcia ostensiva e de preserva\u00e7\u00e3o da ordem p\u00fablica nos 67 munic\u00edpios das regi\u00f5es Oeste Paulista e M\u00e9dio Vale do Paranapanema, servindo e protegendo uma popula\u00e7\u00e3o de 1.117.017 (um milh\u00e3o, cento e dezessete mil e dezessete) habitantes.<\/p>\n<p style=\"text-align: justify;\">Subordinam-se ao CPI-8, o 18\u00ba Batalh\u00e3o de Pol\u00edcia Militar do Interior (18\u00ba BPM\/I) sediado em Presidente Prudente, o 25\u00ba Batalh\u00e3o de Pol\u00edcia Militar do Interior (25\u00ba BPM\/I) sediado em Dracena\/SP, o 32\u00ba Batalh\u00e3o de Pol\u00edcia Militar do Interior (32\u00ba BPM\/I) sediado em Assis\/SP, o 42\u00ba Batalh\u00e3o de Pol\u00edcia Militar do Interior (42\u00ba BPM\/I) sediado em Presidente Venceslau\/SP e o 8\u00ba Batalh\u00e3o de A\u00e7\u00f5es Especiais de Pol\u00edcia (8\u00ba BAEP), sediado em Presidente Prudente\/SP.<\/p>\n<p style=\"text-align: justify;\">O Coronel PM Aran\u00e3o \u00e9 natural de S\u00e3o Paulo e casado com a Sra Adriana Maria Deziro Aran\u00e3o h\u00e1 25 anos, com quem tem dois filhos, os g\u00eameos Giulia e Guilherme, de 18 anos de idade.<br \/>\nIngressou na Pol\u00edcia Militar do Estado de S\u00e3o Paulo no dia 16 de janeiro de 1989, no Curso Preparat\u00f3rio de Forma\u00e7\u00e3o de Oficiais.<br \/>\nFoi declarado Aspirante \u00e0 Oficial em 15 de dezembro de 1993 e classificado no 2\u00b0 Batalh\u00e3o de Pol\u00edcia Rodovi\u00e1ria, com sede em Bauru.<\/p>\n<p style=\"text-align: justify;\">Promovido ao posto de 2\u00b0 Tenente PM, em 25 de agosto de 1994, foi movimentado para o 14\u00b0 BPM\/M, sediado em Osasco.<br \/>\nEm 15 de dezembro do mesmo ano foi novamente transferido para o 2\u00b0 BPRv, onde exerceu as fun\u00e7\u00f5es de Comandante de Pelot\u00e3o, Comandante de Companhia, Coordenador Operacional e Subcomandante.<\/p>\n<p style=\"text-align: justify;\">Com sua promo\u00e7\u00e3o ao posto de Tenente Coronel PM, em 15 de dezembro de 2018, assumiu como Comandante do 2\u00ba BPRv.<br \/>\nNo dia 02 de mar\u00e7o de 2021, foi promovido ao posto de Coronel PM e designado Comandante do CPA\/M-7, que \u00e9 respons\u00e1vel pela prote\u00e7\u00e3o das pessoas de Guarulhos e regi\u00e3o.<\/p>\n<p style=\"text-align: justify;\">No dia 18 de junho de 2021, conforme decreto do Governador do Estado de S\u00e3o Paulo, publicado no Di\u00e1rio Oficial, foi designado o Coronel PM Adriano Aran\u00e3o, como o novo Comandante de Policiamento do Interior-Oito (CPI-8).<\/p>\n<p style=\"text-align: justify;\">O Coronel PM Aran\u00e3o \u00e9 doutor em Ci\u00eancias Policiais de Seguran\u00e7a e Ordem P\u00fablica pelo Centro de Altos Estudos em Seguran\u00e7a da PMESP e doutor em Direito pela Universidade Estadual do Norte do Paran\u00e1. \u00c9 professor universit\u00e1rio e autor de dois livros publicados, com destaque para a sua \u00faltima obra &#8220;Direito Fundamental de Reuni\u00e3o e Manifesta\u00e7\u00f5es Populares&#8221;, fruto da sua pesquisa de doutoramento.<\/p>\n<p style=\"text-align: justify;\">#cpi8<br \/>\n# AFOR\u00c7AP\u00daBLICADES\u00c3OPAULO<br \/>\nCOMUNICA\u00c7\u00c3O SOCIAL \u2013 CPI-8<br \/>\n(Regi\u00e3o de Presidente Prudente)<\/p>\n","protected":false},"excerpt":{"rendered":"<p>No dia 18 de junho pr\u00f3ximo passado, conforme decreto do Governador do Estado de S\u00e3o Paulo publicado no Di\u00e1rio Oficial, foi designado o Coronel PM Adriano Aran\u00e3o, como o novo Comandante de Policiamento do Interior &#8211; Oito (CPI-8). O CPI-8 \u00e9 o Comando Regional da Pol\u00edcia Militar do Estado de S\u00e3o Paulo, composto por aproximadamente [&hellip;]<\/p>\n","protected":false},"author":1,"featured_media":50195,"comment_status":"closed","ping_status":"open","sticky":false,"template":"","format":"standard","meta":{"footnotes":""},"categories":[110,2],"tags":[],"class_list":["post-50194","post","type-post","status-publish","format-standard","has-post-thumbnail","hentry","category-noticiasdestaque","category-policial"],"_links":{"self":[{"href":"https:\/\/jorgezanoni.com.br\/2019\/wp-json\/wp\/v2\/posts\/50194","targetHints":{"allow":["GET"]}}],"collection":[{"href":"https:\/\/jorgezanoni.com.br\/2019\/wp-json\/wp\/v2\/posts"}],"about":[{"href":"https:\/\/jorgezanoni.com.br\/2019\/wp-json\/wp\/v2\/types\/post"}],"author":[{"embeddable":true,"href":"https:\/\/jorgezanoni.com.br\/2019\/wp-json\/wp\/v2\/users\/1"}],"replies":[{"embeddable":true,"href":"https:\/\/jorgezanoni.com.br\/2019\/wp-json\/wp\/v2\/comments?post=50194"}],"version-history":[{"count":0,"href":"https:\/\/jorgezanoni.com.br\/2019\/wp-json\/wp\/v2\/posts\/50194\/revisions"}],"wp:featuredmedia":[{"embeddable":true,"href":"https:\/\/jorgezanoni.com.br\/2019\/wp-json\/wp\/v2\/media\/50195"}],"wp:attachment":[{"href":"https:\/\/jorgezanoni.com.br\/2019\/wp-json\/wp\/v2\/media?parent=50194"}],"wp:term":[{"taxonomy":"category","embeddable":true,"href":"https:\/\/jorgezanoni.com.br\/2019\/wp-json\/wp\/v2\/categories?post=50194"},{"taxonomy":"post_tag","embeddable":true,"href":"https:\/\/jorgezanoni.com.br\/2019\/wp-json\/wp\/v2\/tags?post=50194"}],"curies":[{"name":"wp","href":"https:\/\/api.w.org\/{rel}","templated":true}]}}