{"id":50148,"date":"2021-06-30T23:38:19","date_gmt":"2021-06-30T23:38:19","guid":{"rendered":"https:\/\/jorgezanoni.com.br\/2019\/?p=50148"},"modified":"2021-06-30T23:38:19","modified_gmt":"2021-06-30T23:38:19","slug":"acidente-envolve-dois-veiculos-e-um-caminhao-na-sp-294-em-junqueiropolis","status":"publish","type":"post","link":"https:\/\/jorgezanoni.com.br\/2019\/acidente-envolve-dois-veiculos-e-um-caminhao-na-sp-294-em-junqueiropolis\/","title":{"rendered":"Acidente envolve dois ve\u00edculos e um caminh\u00e3o na SP-294 em Junqueir\u00f3polis"},"content":{"rendered":"<p><strong>Apenas ferimentos considerados leves em um dos condutores.<\/strong><\/p>\n<p style=\"text-align: justify;\">No final da tarde desta quarta-feira (30), foi registrado um acidente com v\u00edtima leve na Rodovia Comandante Jo\u00e3o Ribeiro de Barros, SP-294, em frente h\u00e1 um Motel no munic\u00edpio de Junqueir\u00f3polis.<\/p>\n<p style=\"text-align: justify;\">Colidiram um ve\u00edculo Fiat Strada, um Gol e um Caminh\u00e3o. Segundo informa\u00e7\u00f5es somente o condutor do ve\u00edculo Gol teve ferimentos de natureza considerada leve.<\/p>\n<p style=\"text-align: justify;\">Corpo de Bombeiros, Pol\u00edcia Militar de Junqueir\u00f3polis, Policia Militar Rodovi\u00e1ria de Adamantina, Pol\u00edcia T\u00e9cnica e Funcion\u00e1rios da Concession\u00e1ria Eixo estiveram no local.<\/p>\n<p><img loading=\"lazy\" decoding=\"async\" class=\"alignnone size-full wp-image-50150\" src=\"https:\/\/jorgezanoni.com.br\/2019\/wp-content\/uploads\/2021\/06\/acid.jpg\" alt=\"\" width=\"720\" height=\"350\" srcset=\"https:\/\/jorgezanoni.com.br\/2019\/wp-content\/uploads\/2021\/06\/acid.jpg 720w, https:\/\/jorgezanoni.com.br\/2019\/wp-content\/uploads\/2021\/06\/acid-300x146.jpg 300w, https:\/\/jorgezanoni.com.br\/2019\/wp-content\/uploads\/2021\/06\/acid-696x338.jpg 696w\" sizes=\"auto, (max-width: 720px) 100vw, 720px\" \/> <img loading=\"lazy\" decoding=\"async\" class=\"alignnone size-full wp-image-50151\" src=\"https:\/\/jorgezanoni.com.br\/2019\/wp-content\/uploads\/2021\/06\/acid1.jpg\" alt=\"\" width=\"720\" height=\"350\" srcset=\"https:\/\/jorgezanoni.com.br\/2019\/wp-content\/uploads\/2021\/06\/acid1.jpg 720w, https:\/\/jorgezanoni.com.br\/2019\/wp-content\/uploads\/2021\/06\/acid1-300x146.jpg 300w, https:\/\/jorgezanoni.com.br\/2019\/wp-content\/uploads\/2021\/06\/acid1-696x338.jpg 696w\" sizes=\"auto, (max-width: 720px) 100vw, 720px\" \/> <img loading=\"lazy\" decoding=\"async\" class=\"alignnone size-full wp-image-50152\" src=\"https:\/\/jorgezanoni.com.br\/2019\/wp-content\/uploads\/2021\/06\/acid2.jpg\" alt=\"\" width=\"720\" height=\"350\" srcset=\"https:\/\/jorgezanoni.com.br\/2019\/wp-content\/uploads\/2021\/06\/acid2.jpg 720w, https:\/\/jorgezanoni.com.br\/2019\/wp-content\/uploads\/2021\/06\/acid2-300x146.jpg 300w, https:\/\/jorgezanoni.com.br\/2019\/wp-content\/uploads\/2021\/06\/acid2-696x338.jpg 696w\" sizes=\"auto, (max-width: 720px) 100vw, 720px\" \/><\/p>\n<p style=\"text-align: justify;\">Jorge Zanoni<\/p>\n<p style=\"text-align: justify;\">Fotos de Internautas.<\/p>\n","protected":false},"excerpt":{"rendered":"<p>Apenas ferimentos considerados leves em um dos condutores. No final da tarde desta quarta-feira (30), foi registrado um acidente com v\u00edtima leve na Rodovia Comandante Jo\u00e3o Ribeiro de Barros, SP-294, em frente h\u00e1 um Motel no munic\u00edpio de Junqueir\u00f3polis. Colidiram um ve\u00edculo Fiat Strada, um Gol e um Caminh\u00e3o. Segundo informa\u00e7\u00f5es somente o condutor do [&hellip;]<\/p>\n","protected":false},"author":1,"featured_media":50149,"comment_status":"closed","ping_status":"open","sticky":false,"template":"","format":"standard","meta":{"footnotes":""},"categories":[170,110],"tags":[],"class_list":["post-50148","post","type-post","status-publish","format-standard","has-post-thumbnail","hentry","category-acidentes","category-noticiasdestaque"],"_links":{"self":[{"href":"https:\/\/jorgezanoni.com.br\/2019\/wp-json\/wp\/v2\/posts\/50148","targetHints":{"allow":["GET"]}}],"collection":[{"href":"https:\/\/jorgezanoni.com.br\/2019\/wp-json\/wp\/v2\/posts"}],"about":[{"href":"https:\/\/jorgezanoni.com.br\/2019\/wp-json\/wp\/v2\/types\/post"}],"author":[{"embeddable":true,"href":"https:\/\/jorgezanoni.com.br\/2019\/wp-json\/wp\/v2\/users\/1"}],"replies":[{"embeddable":true,"href":"https:\/\/jorgezanoni.com.br\/2019\/wp-json\/wp\/v2\/comments?post=50148"}],"version-history":[{"count":0,"href":"https:\/\/jorgezanoni.com.br\/2019\/wp-json\/wp\/v2\/posts\/50148\/revisions"}],"wp:featuredmedia":[{"embeddable":true,"href":"https:\/\/jorgezanoni.com.br\/2019\/wp-json\/wp\/v2\/media\/50149"}],"wp:attachment":[{"href":"https:\/\/jorgezanoni.com.br\/2019\/wp-json\/wp\/v2\/media?parent=50148"}],"wp:term":[{"taxonomy":"category","embeddable":true,"href":"https:\/\/jorgezanoni.com.br\/2019\/wp-json\/wp\/v2\/categories?post=50148"},{"taxonomy":"post_tag","embeddable":true,"href":"https:\/\/jorgezanoni.com.br\/2019\/wp-json\/wp\/v2\/tags?post=50148"}],"curies":[{"name":"wp","href":"https:\/\/api.w.org\/{rel}","templated":true}]}}