{"id":50097,"date":"2021-06-30T20:06:35","date_gmt":"2021-06-30T20:06:35","guid":{"rendered":"https:\/\/jorgezanoni.com.br\/2019\/?p=50097"},"modified":"2021-06-30T20:06:35","modified_gmt":"2021-06-30T20:06:35","slug":"veiculo-tem-motor-e-cabine-totalmente-destruido-por-incendio-em-dracena","status":"publish","type":"post","link":"https:\/\/jorgezanoni.com.br\/2019\/veiculo-tem-motor-e-cabine-totalmente-destruido-por-incendio-em-dracena\/","title":{"rendered":"Ve\u00edculo tem motor e cabine totalmente destru\u00eddo por inc\u00eandio em Dracena"},"content":{"rendered":"<p style=\"text-align: justify;\"><strong>Acidente ocorreu em movimentada Avenida do centro, ningu\u00e9m se feriu.<\/strong><\/p>\n<p style=\"text-align: justify;\">Por volta de 14:40 Horas desta quarta-feira (30), foi registrado um inc\u00eancio em ve\u00edculo, na Avenida Jos\u00e9 Bonif\u00e1cio, esquina Rua Miguel do Nascimento, em Dracena.<\/p>\n<p style=\"text-align: justify;\">Segundo informa\u00e7\u00f5es obtidas no local pela reportagem do Site JZ, um ve\u00edculo Fiat Strada, placas de Carneirinho\/MG. de propriedade de uma empresa Distribuidora de Cestas B\u00e1sicas de Teodoro Sampaio, que fazia o sentido centro-bairro pela Avenida Jos\u00e9 Bonif\u00e1cio, pegou fogo.<\/p>\n<p style=\"text-align: justify;\">A informa\u00e7\u00e3o prestada pelo pr\u00f3prio motorista, funcion\u00e1rio da empresa, \u00e9 de que o carro passou por revis\u00e3o em oficina por esses dias, e ele percebeu o fogo vindo do motor em dire\u00e7\u00e3o aos seus p\u00e9s.<\/p>\n<p style=\"text-align: justify;\">Ainda informou que s\u00f3 deu tempo de pegar os seus documentos pessoas, sendo que documentos do ve\u00edculos, notas fiscais e promiss\u00f3rias foram todas queimados com o inc\u00eandio. As Cestas B\u00e1sicas n\u00e3o sofreram avarias.<\/p>\n<p style=\"text-align: justify;\">Uma \u00e1rvore da cal\u00e7ada ao lado acabou sendo afetada, por\u00e9m fios de energia el\u00e9trica e alta tens\u00e3o, nada sofreram.<\/p>\n<p style=\"text-align: justify;\">Duas equipes de Resgate do Corpo de Bombeiros estiveram presentes para conter o fogo e deixar o local em seguran\u00e7a. A Pol\u00edcia Militar e Pol\u00edcia T\u00e9cnica estiveram colhendo dados para apura\u00e7\u00e3o das causas do inc\u00eandio, que pode ter sido um curto-circu\u00edto.<\/p>\n<div style=\"width: 640px;\" class=\"wp-video\"><video class=\"wp-video-shortcode\" id=\"video-50097-1\" width=\"640\" height=\"352\" preload=\"metadata\" controls=\"controls\"><source type=\"video\/mp4\" src=\"https:\/\/jorgezanoni.com.br\/2019\/wp-content\/uploads\/2021\/06\/WhatsApp-Video-2021-06-30-at-16.13.13.mp4?_=1\" \/><a href=\"https:\/\/jorgezanoni.com.br\/2019\/wp-content\/uploads\/2021\/06\/WhatsApp-Video-2021-06-30-at-16.13.13.mp4\">https:\/\/jorgezanoni.com.br\/2019\/wp-content\/uploads\/2021\/06\/WhatsApp-Video-2021-06-30-at-16.13.13.mp4<\/a><\/video><\/div>\n<div style=\"width: 640px;\" class=\"wp-video\"><video class=\"wp-video-shortcode\" id=\"video-50097-2\" width=\"640\" height=\"352\" preload=\"metadata\" controls=\"controls\"><source type=\"video\/mp4\" src=\"https:\/\/jorgezanoni.com.br\/2019\/wp-content\/uploads\/2021\/06\/WhatsApp-Video-2021-06-30-at-15.55.30.mp4?_=2\" \/><a href=\"https:\/\/jorgezanoni.com.br\/2019\/wp-content\/uploads\/2021\/06\/WhatsApp-Video-2021-06-30-at-15.55.30.mp4\">https:\/\/jorgezanoni.com.br\/2019\/wp-content\/uploads\/2021\/06\/WhatsApp-Video-2021-06-30-at-15.55.30.mp4<\/a><\/video><\/div>\n<p><img loading=\"lazy\" decoding=\"async\" class=\"alignnone size-full wp-image-50100\" src=\"https:\/\/jorgezanoni.com.br\/2019\/wp-content\/uploads\/2021\/06\/IMG_4813-2.jpg\" alt=\"\" width=\"800\" height=\"433\" srcset=\"https:\/\/jorgezanoni.com.br\/2019\/wp-content\/uploads\/2021\/06\/IMG_4813-2.jpg 800w, https:\/\/jorgezanoni.com.br\/2019\/wp-content\/uploads\/2021\/06\/IMG_4813-2-300x162.jpg 300w, https:\/\/jorgezanoni.com.br\/2019\/wp-content\/uploads\/2021\/06\/IMG_4813-2-768x416.jpg 768w, https:\/\/jorgezanoni.com.br\/2019\/wp-content\/uploads\/2021\/06\/IMG_4813-2-696x377.jpg 696w, https:\/\/jorgezanoni.com.br\/2019\/wp-content\/uploads\/2021\/06\/IMG_4813-2-776x420.jpg 776w\" sizes=\"auto, (max-width: 800px) 100vw, 800px\" \/> <img loading=\"lazy\" decoding=\"async\" class=\"alignnone size-full wp-image-50101\" src=\"https:\/\/jorgezanoni.com.br\/2019\/wp-content\/uploads\/2021\/06\/IMG_4814-2.jpg\" alt=\"\" width=\"800\" height=\"443\" srcset=\"https:\/\/jorgezanoni.com.br\/2019\/wp-content\/uploads\/2021\/06\/IMG_4814-2.jpg 800w, https:\/\/jorgezanoni.com.br\/2019\/wp-content\/uploads\/2021\/06\/IMG_4814-2-300x166.jpg 300w, https:\/\/jorgezanoni.com.br\/2019\/wp-content\/uploads\/2021\/06\/IMG_4814-2-768x425.jpg 768w, https:\/\/jorgezanoni.com.br\/2019\/wp-content\/uploads\/2021\/06\/IMG_4814-2-696x385.jpg 696w, https:\/\/jorgezanoni.com.br\/2019\/wp-content\/uploads\/2021\/06\/IMG_4814-2-758x420.jpg 758w\" sizes=\"auto, (max-width: 800px) 100vw, 800px\" \/> <img loading=\"lazy\" decoding=\"async\" class=\"alignnone size-full wp-image-50102\" src=\"https:\/\/jorgezanoni.com.br\/2019\/wp-content\/uploads\/2021\/06\/IMG_4815-2.jpg\" alt=\"\" width=\"800\" height=\"624\" srcset=\"https:\/\/jorgezanoni.com.br\/2019\/wp-content\/uploads\/2021\/06\/IMG_4815-2.jpg 800w, https:\/\/jorgezanoni.com.br\/2019\/wp-content\/uploads\/2021\/06\/IMG_4815-2-300x234.jpg 300w, https:\/\/jorgezanoni.com.br\/2019\/wp-content\/uploads\/2021\/06\/IMG_4815-2-768x599.jpg 768w, https:\/\/jorgezanoni.com.br\/2019\/wp-content\/uploads\/2021\/06\/IMG_4815-2-696x543.jpg 696w, https:\/\/jorgezanoni.com.br\/2019\/wp-content\/uploads\/2021\/06\/IMG_4815-2-538x420.jpg 538w\" sizes=\"auto, (max-width: 800px) 100vw, 800px\" \/> <img loading=\"lazy\" decoding=\"async\" class=\"alignnone size-full wp-image-50103\" src=\"https:\/\/jorgezanoni.com.br\/2019\/wp-content\/uploads\/2021\/06\/IMG_4816-2.jpg\" alt=\"\" width=\"800\" height=\"1309\" srcset=\"https:\/\/jorgezanoni.com.br\/2019\/wp-content\/uploads\/2021\/06\/IMG_4816-2.jpg 800w, https:\/\/jorgezanoni.com.br\/2019\/wp-content\/uploads\/2021\/06\/IMG_4816-2-183x300.jpg 183w, https:\/\/jorgezanoni.com.br\/2019\/wp-content\/uploads\/2021\/06\/IMG_4816-2-626x1024.jpg 626w, https:\/\/jorgezanoni.com.br\/2019\/wp-content\/uploads\/2021\/06\/IMG_4816-2-768x1257.jpg 768w, https:\/\/jorgezanoni.com.br\/2019\/wp-content\/uploads\/2021\/06\/IMG_4816-2-696x1139.jpg 696w, https:\/\/jorgezanoni.com.br\/2019\/wp-content\/uploads\/2021\/06\/IMG_4816-2-257x420.jpg 257w\" sizes=\"auto, (max-width: 800px) 100vw, 800px\" \/> <img loading=\"lazy\" decoding=\"async\" class=\"alignnone size-full wp-image-50104\" src=\"https:\/\/jorgezanoni.com.br\/2019\/wp-content\/uploads\/2021\/06\/IMG_4817.jpg\" alt=\"\" width=\"800\" height=\"532\" srcset=\"https:\/\/jorgezanoni.com.br\/2019\/wp-content\/uploads\/2021\/06\/IMG_4817.jpg 800w, https:\/\/jorgezanoni.com.br\/2019\/wp-content\/uploads\/2021\/06\/IMG_4817-300x200.jpg 300w, https:\/\/jorgezanoni.com.br\/2019\/wp-content\/uploads\/2021\/06\/IMG_4817-768x511.jpg 768w, https:\/\/jorgezanoni.com.br\/2019\/wp-content\/uploads\/2021\/06\/IMG_4817-696x463.jpg 696w, https:\/\/jorgezanoni.com.br\/2019\/wp-content\/uploads\/2021\/06\/IMG_4817-632x420.jpg 632w\" sizes=\"auto, (max-width: 800px) 100vw, 800px\" \/> <img loading=\"lazy\" decoding=\"async\" class=\"alignnone size-full wp-image-50105\" src=\"https:\/\/jorgezanoni.com.br\/2019\/wp-content\/uploads\/2021\/06\/IMG_4818-2.jpg\" alt=\"\" width=\"800\" height=\"565\" srcset=\"https:\/\/jorgezanoni.com.br\/2019\/wp-content\/uploads\/2021\/06\/IMG_4818-2.jpg 800w, https:\/\/jorgezanoni.com.br\/2019\/wp-content\/uploads\/2021\/06\/IMG_4818-2-300x212.jpg 300w, https:\/\/jorgezanoni.com.br\/2019\/wp-content\/uploads\/2021\/06\/IMG_4818-2-768x542.jpg 768w, https:\/\/jorgezanoni.com.br\/2019\/wp-content\/uploads\/2021\/06\/IMG_4818-2-100x70.jpg 100w, https:\/\/jorgezanoni.com.br\/2019\/wp-content\/uploads\/2021\/06\/IMG_4818-2-696x492.jpg 696w, https:\/\/jorgezanoni.com.br\/2019\/wp-content\/uploads\/2021\/06\/IMG_4818-2-595x420.jpg 595w\" sizes=\"auto, (max-width: 800px) 100vw, 800px\" \/> <img loading=\"lazy\" decoding=\"async\" class=\"alignnone size-full wp-image-50106\" src=\"https:\/\/jorgezanoni.com.br\/2019\/wp-content\/uploads\/2021\/06\/IMG_4819-2.jpg\" alt=\"\" width=\"800\" height=\"612\" srcset=\"https:\/\/jorgezanoni.com.br\/2019\/wp-content\/uploads\/2021\/06\/IMG_4819-2.jpg 800w, https:\/\/jorgezanoni.com.br\/2019\/wp-content\/uploads\/2021\/06\/IMG_4819-2-300x230.jpg 300w, https:\/\/jorgezanoni.com.br\/2019\/wp-content\/uploads\/2021\/06\/IMG_4819-2-768x588.jpg 768w, https:\/\/jorgezanoni.com.br\/2019\/wp-content\/uploads\/2021\/06\/IMG_4819-2-80x60.jpg 80w, https:\/\/jorgezanoni.com.br\/2019\/wp-content\/uploads\/2021\/06\/IMG_4819-2-696x532.jpg 696w, https:\/\/jorgezanoni.com.br\/2019\/wp-content\/uploads\/2021\/06\/IMG_4819-2-549x420.jpg 549w\" sizes=\"auto, (max-width: 800px) 100vw, 800px\" \/> <img loading=\"lazy\" decoding=\"async\" class=\"alignnone size-full wp-image-50107\" src=\"https:\/\/jorgezanoni.com.br\/2019\/wp-content\/uploads\/2021\/06\/IMG_4820.jpg\" alt=\"\" width=\"800\" height=\"532\" srcset=\"https:\/\/jorgezanoni.com.br\/2019\/wp-content\/uploads\/2021\/06\/IMG_4820.jpg 800w, https:\/\/jorgezanoni.com.br\/2019\/wp-content\/uploads\/2021\/06\/IMG_4820-300x200.jpg 300w, https:\/\/jorgezanoni.com.br\/2019\/wp-content\/uploads\/2021\/06\/IMG_4820-768x511.jpg 768w, https:\/\/jorgezanoni.com.br\/2019\/wp-content\/uploads\/2021\/06\/IMG_4820-696x463.jpg 696w, https:\/\/jorgezanoni.com.br\/2019\/wp-content\/uploads\/2021\/06\/IMG_4820-632x420.jpg 632w\" sizes=\"auto, (max-width: 800px) 100vw, 800px\" \/> <img loading=\"lazy\" decoding=\"async\" class=\"alignnone size-full wp-image-50108\" src=\"https:\/\/jorgezanoni.com.br\/2019\/wp-content\/uploads\/2021\/06\/IMG_4821.jpg\" alt=\"\" width=\"800\" height=\"532\" srcset=\"https:\/\/jorgezanoni.com.br\/2019\/wp-content\/uploads\/2021\/06\/IMG_4821.jpg 800w, https:\/\/jorgezanoni.com.br\/2019\/wp-content\/uploads\/2021\/06\/IMG_4821-300x200.jpg 300w, https:\/\/jorgezanoni.com.br\/2019\/wp-content\/uploads\/2021\/06\/IMG_4821-768x511.jpg 768w, https:\/\/jorgezanoni.com.br\/2019\/wp-content\/uploads\/2021\/06\/IMG_4821-696x463.jpg 696w, https:\/\/jorgezanoni.com.br\/2019\/wp-content\/uploads\/2021\/06\/IMG_4821-632x420.jpg 632w\" sizes=\"auto, (max-width: 800px) 100vw, 800px\" \/>Jorge Zanoni<\/p>\n","protected":false},"excerpt":{"rendered":"<p>Acidente ocorreu em movimentada Avenida do centro, ningu\u00e9m se feriu. Por volta de 14:40 Horas desta quarta-feira (30), foi registrado um inc\u00eancio em ve\u00edculo, na Avenida Jos\u00e9 Bonif\u00e1cio, esquina Rua Miguel do Nascimento, em Dracena. Segundo informa\u00e7\u00f5es obtidas no local pela reportagem do Site JZ, um ve\u00edculo Fiat Strada, placas de Carneirinho\/MG. de propriedade de [&hellip;]<\/p>\n","protected":false},"author":1,"featured_media":50109,"comment_status":"closed","ping_status":"open","sticky":false,"template":"","format":"standard","meta":{"footnotes":""},"categories":[170,110],"tags":[],"class_list":["post-50097","post","type-post","status-publish","format-standard","has-post-thumbnail","hentry","category-acidentes","category-noticiasdestaque"],"_links":{"self":[{"href":"https:\/\/jorgezanoni.com.br\/2019\/wp-json\/wp\/v2\/posts\/50097","targetHints":{"allow":["GET"]}}],"collection":[{"href":"https:\/\/jorgezanoni.com.br\/2019\/wp-json\/wp\/v2\/posts"}],"about":[{"href":"https:\/\/jorgezanoni.com.br\/2019\/wp-json\/wp\/v2\/types\/post"}],"author":[{"embeddable":true,"href":"https:\/\/jorgezanoni.com.br\/2019\/wp-json\/wp\/v2\/users\/1"}],"replies":[{"embeddable":true,"href":"https:\/\/jorgezanoni.com.br\/2019\/wp-json\/wp\/v2\/comments?post=50097"}],"version-history":[{"count":0,"href":"https:\/\/jorgezanoni.com.br\/2019\/wp-json\/wp\/v2\/posts\/50097\/revisions"}],"wp:featuredmedia":[{"embeddable":true,"href":"https:\/\/jorgezanoni.com.br\/2019\/wp-json\/wp\/v2\/media\/50109"}],"wp:attachment":[{"href":"https:\/\/jorgezanoni.com.br\/2019\/wp-json\/wp\/v2\/media?parent=50097"}],"wp:term":[{"taxonomy":"category","embeddable":true,"href":"https:\/\/jorgezanoni.com.br\/2019\/wp-json\/wp\/v2\/categories?post=50097"},{"taxonomy":"post_tag","embeddable":true,"href":"https:\/\/jorgezanoni.com.br\/2019\/wp-json\/wp\/v2\/tags?post=50097"}],"curies":[{"name":"wp","href":"https:\/\/api.w.org\/{rel}","templated":true}]}}