{"id":50089,"date":"2021-06-28T19:11:41","date_gmt":"2021-06-28T19:11:41","guid":{"rendered":"https:\/\/jorgezanoni.com.br\/2019\/?p=50089"},"modified":"2021-06-28T19:13:30","modified_gmt":"2021-06-28T19:13:30","slug":"xx-conferencia-brasileira-de-folkcomunicacao-em-sao-luis-no-maranhao","status":"publish","type":"post","link":"https:\/\/jorgezanoni.com.br\/2019\/xx-conferencia-brasileira-de-folkcomunicacao-em-sao-luis-no-maranhao\/","title":{"rendered":"Professores da regi\u00e3o ir\u00e3o participar da XX Confer\u00eancia Brasileira de Folkcomunica\u00e7\u00e3o em S\u00e3o Lu\u00eds no Maranh\u00e3o"},"content":{"rendered":"<p style=\"text-align: justify;\"><strong><em>S\u00e9rgio Barbosa (*)<\/em><\/strong><\/p>\n<p style=\"text-align: justify;\">Deve-se considerar que existem muitas possibilidades envolvendo as diversas PESQUISAS afins aos interesses da ACADEMIA em n\u00edvel GLOCAL, ou seja, do GLOBAL para o LOCAL em tempo de FOLCKCOMUNICA\u00c7\u00c3O, por\u00e9m, de acordo com a PERSPECTIVA mediada pela PROPOSTA com pauta em atividades relacionadas com a \u00e1rea da CULTURA POPULAR&#8230;<\/p>\n<p style=\"text-align: justify;\">Entretanto, torna-se necess\u00e1rio estar em CONEX\u00c3O com a HIST\u00d3RIA local para uma aproxima\u00e7\u00e3o com TEMAS e TEM\u00c1TICAS envolvendo o CEN\u00c1RIO ou FATOS que marcaram a trajet\u00f3ria da cidade de ADAMANTINA em n\u00edvel REGIONAL&#8230;<\/p>\n<p style=\"text-align: justify;\">Tendo tal objetivo ACAD\u00caMICO, ainda, buscando diversas INFORMA\u00c7\u00d5ES por meio do REFERENCIAL BIBLIOGR\u00c1FICO, os professores, TIAGO RAFAEL DO SANTOS ALVES (FADAP\/FAP\/Tup\u00e3-SP) e S\u00c9RGIO BARBOSA (UNIFAI\/Adamantina-SP), inscreveram e receberam o ACEITE do Trabalho, a saber: <strong>Do p\u00e9 do altar ao rec\u00f4ndito domiciliar: um estudo sobre os orat\u00f3rios de fachada e a influ\u00eancia da Igreja Cat\u00f3lica em Adamantina-SP <\/strong>para APRESENTA\u00c7\u00c3O na XX CONFER\u00caNCIA BRASILEIRA DE FOLCKCOMUNICA\u00c7\u00c3O que ser\u00e1 realizada no campus da UFMA-Universidade Federal do Maranh\u00e3o, S\u00e3o Lu\u00eds, nos dias 29 e 30 de junho por meio de atividades ON-LINE&#8230;<\/p>\n<p><img loading=\"lazy\" decoding=\"async\" class=\"alignnone size-full wp-image-50091\" src=\"https:\/\/jorgezanoni.com.br\/2019\/wp-content\/uploads\/2021\/06\/ada-1.jpg\" alt=\"\" width=\"921\" height=\"1280\" srcset=\"https:\/\/jorgezanoni.com.br\/2019\/wp-content\/uploads\/2021\/06\/ada-1.jpg 921w, https:\/\/jorgezanoni.com.br\/2019\/wp-content\/uploads\/2021\/06\/ada-1-216x300.jpg 216w, https:\/\/jorgezanoni.com.br\/2019\/wp-content\/uploads\/2021\/06\/ada-1-737x1024.jpg 737w, https:\/\/jorgezanoni.com.br\/2019\/wp-content\/uploads\/2021\/06\/ada-1-768x1067.jpg 768w, https:\/\/jorgezanoni.com.br\/2019\/wp-content\/uploads\/2021\/06\/ada-1-696x967.jpg 696w, https:\/\/jorgezanoni.com.br\/2019\/wp-content\/uploads\/2021\/06\/ada-1-302x420.jpg 302w\" sizes=\"auto, (max-width: 921px) 100vw, 921px\" \/>Prof. Tiago Rafael dos Santos Alves<\/p>\n<p><img loading=\"lazy\" decoding=\"async\" class=\"alignnone size-full wp-image-50092\" src=\"https:\/\/jorgezanoni.com.br\/2019\/wp-content\/uploads\/2021\/06\/ada1-1.jpg\" alt=\"\" width=\"581\" height=\"1032\" srcset=\"https:\/\/jorgezanoni.com.br\/2019\/wp-content\/uploads\/2021\/06\/ada1-1.jpg 581w, https:\/\/jorgezanoni.com.br\/2019\/wp-content\/uploads\/2021\/06\/ada1-1-169x300.jpg 169w, https:\/\/jorgezanoni.com.br\/2019\/wp-content\/uploads\/2021\/06\/ada1-1-576x1024.jpg 576w, https:\/\/jorgezanoni.com.br\/2019\/wp-content\/uploads\/2021\/06\/ada1-1-236x420.jpg 236w\" sizes=\"auto, (max-width: 581px) 100vw, 581px\" \/>Prof. S\u00e9rgio Barbosa<\/p>\n<p style=\"text-align: justify;\"><strong>Proposta do Trabalho e Pesquisa<\/strong><\/p>\n<p style=\"text-align: justify;\">A RELIGIOSIDADE CAT\u00d3LICA sempre esteve presente nas atividades da cidade e suas LIDERAN\u00c7AS exerceram grande influ\u00eancia no cotidiano p\u00fablico e privado do munic\u00edpio de Adamantina-SP, em meio a sua forma\u00e7\u00e3o e desenvolvimento (1940-1960)&#8230;<\/p>\n<p style=\"text-align: justify;\">Neste CONTEXTO, por meio dos orat\u00f3rios, s\u00e3o estabelecidas as diferentes rela\u00e7\u00f5es entre os moradores e seus santos de devo\u00e7\u00e3o, o que contempla o seu ide\u00e1rio de prote\u00e7\u00e3o e poss\u00edveis benef\u00edcios com a presen\u00e7a do SAGRADO em seus lares, marcando assim a pr\u00f3pria IDENTIDADE CULTURAL deste local&#8230;<\/p>\n<p style=\"text-align: justify;\">De acordo com o Historiador e Pesquisador, TIAGO RAFAEL, o iniciou do processo ocorreu com a COLONIZA\u00c7\u00c3O na d\u00e9cada de 1.930 como resultados de um EMPREENDIMENTO de uma das subsidi\u00e1rias da Companhia Paulista de Estradas de Ferro (CPEF)&#8230;<\/p>\n<p style=\"text-align: justify;\">Tamb\u00e9m, a EMANCIPA\u00c7\u00c3O que ocorreu nos fins da d\u00e9cada de 1940, resultou em uma CONCENTRA\u00c7\u00c3O POPULACIONAL partindo do denominado N\u00daCLEO RELIGIOSO e posteriormente surgiram os BAIRROS perif\u00e9ricos, entretanto, o N\u00daCLEO URBANO torna-se o CENTRO RELIGIOSO da cidade&#8230;<\/p>\n<p style=\"text-align: justify;\"><strong>Hist\u00f3ria, Religi\u00e3o e Orat\u00f3rios<\/strong><\/p>\n<p style=\"text-align: justify;\">Os diversos fatos que ocorreram neste per\u00edodo, ou seja, nas d\u00e9cadas entre 1.930 e 1.950 foram determinantes para o envolvimento da IGREJA CAT\u00d3LICA em quase todas as \u00e1reas de atua\u00e7\u00e3o por meio dos trabalhos desenvolvidos pelos RESPONS\u00c1VEIS (Padres) e COMUNIDADE RELIGIOSA&#8230;<\/p>\n<p style=\"text-align: justify;\">Deve-se registrar a ALTERA\u00c7\u00c3O da DATA do ANIVERS\u00c1RIO de ADAMANTINA, de acordo com a LEI 843 de 27\/5\/1.967 que OFICIALIZA o dia 13 DE JUNHO como MARCO REFERENCIAL em compasso com o DIA DO PADROEIRO da cidade&#8230;<\/p>\n<p style=\"text-align: justify;\">Portanto, percebe-se a Influ\u00eancia da IGREJA CAT\u00d3LICA neste cen\u00e1rio local, todavia, deve-se considerar a exist\u00eancia de FATORES DE EXCLUS\u00c3O SOCIAL quando se coloca a REGI\u00c3O CENTRAL como refer\u00eancia do N\u00daCLEO RELIGIOSO&#8230;<\/p>\n<p style=\"text-align: justify;\">Nestas RELA\u00c7\u00d5ES mediadas pelo CATOLICISMO, surge a SINTONIA entre MORADORES\/AS\u00a0 e seus respectivos SANTOS DE DEVO\u00c7\u00c3O por meio dos chamados ORAT\u00d3RIOS disponibilizados e fixos nas RESID\u00caNCIAS&#8230;<\/p>\n<p style=\"text-align: justify;\"><strong>Pesquisadores de Adamantina<\/strong><\/p>\n<p style=\"text-align: justify;\">A PESQUISA utilizou como REFERENCIAL TE\u00d3RICO, diversas publica\u00e7\u00f5es como APOIO e de acordo com as FONTES disponibilizadas, entre as quais, o MATERIAL disponibilizado no SITE DA PMA; BREVES ENSAIOS SOBRE A HIST\u00d3RIA DE ADAMANTINA (Tiago R.S. Alves); FRAGA, F. C. (ENTREVISTA, 1\/10\/2013); LIMA, JUBILEU DE OURO DE ADAMANTINA (C\u00e2ndido Jorge de Lima); PROJETO DE METR\u00d3POLE DA CIDADE DE ADAMANTINA (Marcos Martinelli); REVIVER ADAMANTINA (Jos\u00e9 Carlos Rodrigues); INCORPORA\u00c7\u00c3O DA NOVA ALTA PAULISTA AO SETOR PRODUTIVO DO ESTADO DE S\u00c3O PAULO: MUNIC\u00cdPIO DE ADAMANTINA- 1.937 a 1.955 (Disserta\u00e7\u00e3o de Mestrado\/UNESP\/Rubens Galdino da Silva), bem como, outros autores\/as afins aos objetivos do Trabalho que ser\u00e1 apresentado na XX CONFER\u00caNCIA BRASILEIRA DE FOLCKCOMUNICA\u00c7\u00c3O no campus da UFMA-Universidade Federal do Maranh\u00e3o&#8230;<\/p>\n<p style=\"text-align: justify;\"><strong><em>____________________________<\/em><\/strong><\/p>\n<p style=\"text-align: justify;\"><strong><em>(*) jornalista diplomado, professor universit\u00e1rio, coordenador-executivo de diversos eventos com promo\u00e7\u00e3o da c\u00e1tedra UNESCO\/METODISTA (1.999\/2.008) e desenvolveu atividades acad\u00eamicas como pesquisador-colaborador da c\u00e1tedra unesco\/metodista de comunica\u00e7\u00e3o regional (1998\/2018).<\/em><\/strong><\/p>\n<p>&nbsp;<\/p>\n<p style=\"text-align: justify;\"><strong><em>\u00a0<\/em><\/strong><\/p>\n<p style=\"text-align: justify;\"><strong><em>\u00a0<\/em><\/strong><\/p>\n<p style=\"text-align: justify;\"><strong><em>\u00a0<\/em><\/strong><\/p>\n<p style=\"text-align: justify;\"><strong><em>\u00a0<\/em><\/strong><\/p>\n<p style=\"text-align: justify;\"><strong><em>\u00a0\u00a0<\/em><\/strong><\/p>\n<p><strong><em>\u00a0<\/em><\/strong><\/p>\n<p>&nbsp;<\/p>\n<p>&nbsp;<\/p>\n<p>&nbsp;<\/p>\n<p>&nbsp;<\/p>\n<p>&nbsp;<\/p>\n<p>&nbsp;<\/p>\n<p>&nbsp;<\/p>\n","protected":false},"excerpt":{"rendered":"<p>S\u00e9rgio Barbosa (*) Deve-se considerar que existem muitas possibilidades envolvendo as diversas PESQUISAS afins aos interesses da ACADEMIA em n\u00edvel GLOCAL, ou seja, do GLOBAL para o LOCAL em tempo de FOLCKCOMUNICA\u00c7\u00c3O, por\u00e9m, de acordo com a PERSPECTIVA mediada pela PROPOSTA com pauta em atividades relacionadas com a \u00e1rea da CULTURA POPULAR&#8230; Entretanto, torna-se necess\u00e1rio [&hellip;]<\/p>\n","protected":false},"author":1,"featured_media":50090,"comment_status":"closed","ping_status":"open","sticky":false,"template":"","format":"standard","meta":{"footnotes":""},"categories":[122],"tags":[],"class_list":["post-50089","post","type-post","status-publish","format-standard","has-post-thumbnail","hentry","category-saudeeducacaoeconcurso"],"_links":{"self":[{"href":"https:\/\/jorgezanoni.com.br\/2019\/wp-json\/wp\/v2\/posts\/50089","targetHints":{"allow":["GET"]}}],"collection":[{"href":"https:\/\/jorgezanoni.com.br\/2019\/wp-json\/wp\/v2\/posts"}],"about":[{"href":"https:\/\/jorgezanoni.com.br\/2019\/wp-json\/wp\/v2\/types\/post"}],"author":[{"embeddable":true,"href":"https:\/\/jorgezanoni.com.br\/2019\/wp-json\/wp\/v2\/users\/1"}],"replies":[{"embeddable":true,"href":"https:\/\/jorgezanoni.com.br\/2019\/wp-json\/wp\/v2\/comments?post=50089"}],"version-history":[{"count":0,"href":"https:\/\/jorgezanoni.com.br\/2019\/wp-json\/wp\/v2\/posts\/50089\/revisions"}],"wp:featuredmedia":[{"embeddable":true,"href":"https:\/\/jorgezanoni.com.br\/2019\/wp-json\/wp\/v2\/media\/50090"}],"wp:attachment":[{"href":"https:\/\/jorgezanoni.com.br\/2019\/wp-json\/wp\/v2\/media?parent=50089"}],"wp:term":[{"taxonomy":"category","embeddable":true,"href":"https:\/\/jorgezanoni.com.br\/2019\/wp-json\/wp\/v2\/categories?post=50089"},{"taxonomy":"post_tag","embeddable":true,"href":"https:\/\/jorgezanoni.com.br\/2019\/wp-json\/wp\/v2\/tags?post=50089"}],"curies":[{"name":"wp","href":"https:\/\/api.w.org\/{rel}","templated":true}]}}