{"id":50077,"date":"2021-06-28T17:39:14","date_gmt":"2021-06-28T17:39:14","guid":{"rendered":"https:\/\/jorgezanoni.com.br\/2019\/?p=50077"},"modified":"2021-06-28T17:53:13","modified_gmt":"2021-06-28T17:53:13","slug":"morre-milton-cesar-pinheiro-fumaca-da-medral","status":"publish","type":"post","link":"https:\/\/jorgezanoni.com.br\/2019\/morre-milton-cesar-pinheiro-fumaca-da-medral\/","title":{"rendered":"Morre Milton C\u00e9sar Pinheiro (Fuma\u00e7a da Medral)"},"content":{"rendered":"<p style=\"text-align: justify;\">Comunicamos com pesar o falecimento de Milton C\u00e9sar Pinheiro (Fuma\u00e7a), de 49 anos (faria 50 amanh\u00e3). Ele estava internado em tratamento da COVID na Santa Casa de Dracena, e hoje teve uma parada card\u00edaca, n\u00e3o resistindo vindo a \u00f3bito.<\/p>\n<p style=\"text-align: justify;\">Deixa a esposa Fl\u00e1via, filha Eduarda, demais familiares e amigos. Era funcion\u00e1rio da empresa Medral que deu total apoio enquanto esteve internado.<\/p>\n<p>O Sepultamento ocorre hoje (28) \u00e0s 16:00 Horas no Cemit\u00e9rio Municipal de Dracena.<\/p>\n<p style=\"text-align: justify;\">O Site JZ se solidariza com a familia neste dif\u00edcil momento.<\/p>\n<p><img loading=\"lazy\" decoding=\"async\" class=\"alignnone size-full wp-image-50080\" src=\"https:\/\/jorgezanoni.com.br\/2019\/wp-content\/uploads\/2021\/06\/Milton.jpg\" alt=\"\" width=\"540\" height=\"540\" srcset=\"https:\/\/jorgezanoni.com.br\/2019\/wp-content\/uploads\/2021\/06\/Milton.jpg 540w, https:\/\/jorgezanoni.com.br\/2019\/wp-content\/uploads\/2021\/06\/Milton-300x300.jpg 300w, https:\/\/jorgezanoni.com.br\/2019\/wp-content\/uploads\/2021\/06\/Milton-150x150.jpg 150w, https:\/\/jorgezanoni.com.br\/2019\/wp-content\/uploads\/2021\/06\/Milton-420x420.jpg 420w\" sizes=\"auto, (max-width: 540px) 100vw, 540px\" \/><\/p>\n<p>&nbsp;<\/p>\n<p>&nbsp;<\/p>\n","protected":false},"excerpt":{"rendered":"<p>Comunicamos com pesar o falecimento de Milton C\u00e9sar Pinheiro (Fuma\u00e7a), de 49 anos (faria 50 amanh\u00e3). Ele estava internado em tratamento da COVID na Santa Casa de Dracena, e hoje teve uma parada card\u00edaca, n\u00e3o resistindo vindo a \u00f3bito. Deixa a esposa Fl\u00e1via, filha Eduarda, demais familiares e amigos. Era funcion\u00e1rio da empresa Medral que [&hellip;]<\/p>\n","protected":false},"author":1,"featured_media":50078,"comment_status":"closed","ping_status":"open","sticky":false,"template":"","format":"standard","meta":{"footnotes":""},"categories":[178,110],"tags":[],"class_list":["post-50077","post","type-post","status-publish","format-standard","has-post-thumbnail","hentry","category-notadefalecimento","category-noticiasdestaque"],"_links":{"self":[{"href":"https:\/\/jorgezanoni.com.br\/2019\/wp-json\/wp\/v2\/posts\/50077","targetHints":{"allow":["GET"]}}],"collection":[{"href":"https:\/\/jorgezanoni.com.br\/2019\/wp-json\/wp\/v2\/posts"}],"about":[{"href":"https:\/\/jorgezanoni.com.br\/2019\/wp-json\/wp\/v2\/types\/post"}],"author":[{"embeddable":true,"href":"https:\/\/jorgezanoni.com.br\/2019\/wp-json\/wp\/v2\/users\/1"}],"replies":[{"embeddable":true,"href":"https:\/\/jorgezanoni.com.br\/2019\/wp-json\/wp\/v2\/comments?post=50077"}],"version-history":[{"count":0,"href":"https:\/\/jorgezanoni.com.br\/2019\/wp-json\/wp\/v2\/posts\/50077\/revisions"}],"wp:featuredmedia":[{"embeddable":true,"href":"https:\/\/jorgezanoni.com.br\/2019\/wp-json\/wp\/v2\/media\/50078"}],"wp:attachment":[{"href":"https:\/\/jorgezanoni.com.br\/2019\/wp-json\/wp\/v2\/media?parent=50077"}],"wp:term":[{"taxonomy":"category","embeddable":true,"href":"https:\/\/jorgezanoni.com.br\/2019\/wp-json\/wp\/v2\/categories?post=50077"},{"taxonomy":"post_tag","embeddable":true,"href":"https:\/\/jorgezanoni.com.br\/2019\/wp-json\/wp\/v2\/tags?post=50077"}],"curies":[{"name":"wp","href":"https:\/\/api.w.org\/{rel}","templated":true}]}}