{"id":50071,"date":"2021-06-28T15:39:20","date_gmt":"2021-06-28T15:39:20","guid":{"rendered":"https:\/\/jorgezanoni.com.br\/2019\/?p=50071"},"modified":"2021-06-28T15:39:20","modified_gmt":"2021-06-28T15:39:20","slug":"sucesso-na-carreira-foi-tema-de-palestra-da-unifadra","status":"publish","type":"post","link":"https:\/\/jorgezanoni.com.br\/2019\/sucesso-na-carreira-foi-tema-de-palestra-da-unifadra\/","title":{"rendered":"Sucesso na carreira foi tema de palestra da Unifadra"},"content":{"rendered":"<div dir=\"ltr\" style=\"text-align: justify;\"><span style=\"font-size: large;\">No dia 17 de junho foi realizada a \u00faltima palestra dos Semin\u00e1rios de Educa\u00e7\u00e3o F\u00edsica, iniciados em mar\u00e7o. O convidado da noite foi o Prof. Esp. Rubens Rollo Cavallin Junior, que tamb\u00e9m \u00e9 life coaching, e abordou o tema &#8220;Alcan\u00e7ando o sucesso em sua carreira&#8221;.<\/span><\/p>\n<p><span style=\"font-size: large;\">A palestra iniciou com uma reflex\u00e3o sobre a mediocridade e provocou para que n\u00e3o fiquemos acomodados com o que j\u00e1 conquistamos, mas para que a gente acompanhe a evolu\u00e7\u00e3o das coisas no dia a dia, especialmente no \u00e2mbito profissional.<\/span><\/p>\n<p><span style=\"font-size: large;\">O Rubinho, como o professor \u00e9 conhecido, tamb\u00e9m falou sobre as 15 habilidades que estar\u00e3o em alta no mercado de trabalho at\u00e9 2025, segundo o relat\u00f3rio do F\u00f3rum Econ\u00f4mico Mundial, publicado no final de 2020, e que ser\u00e3o mais valorizadas pelas empresas no p\u00f3s-pandemia: 1. pensamento anal\u00edtico e inova\u00e7\u00e3o, 2. aprendizagem ativa e estrat\u00e9gias de aprendizado, 3. resolu\u00e7\u00e3o de problemas, 4. pensamento cr\u00edtico, 5. criatividade, 6. lideran\u00e7a, 7. uso, monitoramento e controle de tecnologias, 8. programa\u00e7\u00e3o, 9. resili\u00eancia, toler\u00e2ncia ao estresse e flexibilidade, 10. racioc\u00ednio l\u00f3gico, 11. intelig\u00eancia emocional, 12. experi\u00eancia do usu\u00e1rio, 13. ser orientado a servir o cliente (foco no cliente), 14. an\u00e1lise e avalia\u00e7\u00e3o de sistemas e 15. persuas\u00e3o e negocia\u00e7\u00e3o.<\/span><\/p>\n<p><span style=\"font-size: large;\">Al\u00e9m disso, a palestra seguiu o estilo life coaching, que usa t\u00e9cnicas de diversas ci\u00eancias, como a psicologia, filosofia e sociologia, e busca promover o equil\u00edbrio de todos os \u00e2mbitos da vida e eliminar h\u00e1bitos improdutivos &#8211; orientando os participantes a desenvolverem o sucesso em suas carreiras.<\/span><\/p>\n<p><span style=\"font-size: large;\">&#8220;Tivemos mais de 110 inscritos, entre alunos, professores e profissionais de diversas \u00e1reas, j\u00e1 que ter uma carreira de sucesso \u00e9 um objetivo comum a todos. Fechar o evento com este tema foi importante, por se tratar de um tema geral&#8221;, ressaltou a coordenadora do curso de Educa\u00e7\u00e3o F\u00edsica da Unifadra,\u00a0<\/span>Profa. Dra.<span style=\"font-size: large;\">\u00a0Denise Rodrigues Bueno.<\/span><\/p>\n<p><span style=\"font-size: large;\">O\u00a0<\/span>Prof. Dr.<span style=\"font-size: large;\">\u00a0Enio Garbelini, diretor acad\u00eamico da Unifadra, parabenizou a coordenadora pela sele\u00e7\u00e3o dos temas e os palestrantes convidados pela relev\u00e2ncia dos assuntos. &#8220;As abordagens foram feitas de forma clara e objetiva e trouxeram novas e interessantes informa\u00e7\u00f5es para a popula\u00e7\u00e3o, os acad\u00eamicos e os profissionais de diversas \u00e1reas que participaram das palestras&#8221;, finalizou.<\/span><\/p>\n<p><span style=\"font-size: large;\"><b>Semin\u00e1rios de Educa\u00e7\u00e3o F\u00edsica<\/b><\/span><\/p>\n<p><span style=\"font-size: large;\">Os eventos foram abertos ao p\u00fablico, com emiss\u00e3o de certificados, e promovidos pelo departamento de Educa\u00e7\u00e3o F\u00edsica da Unifadra. Algumas palestras continuam dispon\u00edveis e podem ser assistidas pelo canal da Fundec no YouTube:<\/span><\/p>\n<p><span style=\"font-size: large;\">Evid\u00eancias da atividade f\u00edsica como promotora de sa\u00fade\u00a0<\/span>(Prof. Dr.<span style=\"font-size: large;\">\u00a0\u00cdtalo Ribeiro Lemes)<\/span><br \/>\n<span style=\"font-size: large;\"><a href=\"https:\/\/youtu.be\/22c5V5Pfx8o\" target=\"_blank\" rel=\"noopener noreferrer\">https:\/\/youtu.be\/22c5V5Pfx8o<\/a><\/span><\/p>\n<p><span style=\"font-size: large;\">Atividade f\u00edsica e esporte na inf\u00e2ncia e adolesc\u00eancia\u00a0<\/span>(Prof. Dr.<span style=\"font-size: large;\">\u00a0R\u00f4mulo Ara\u00fajo Fernandes)<\/span><br \/>\n<span style=\"font-size: large;\"><a href=\"https:\/\/youtu.be\/I5hsUYl3DAo\" target=\"_blank\" rel=\"noopener noreferrer\">https:\/\/youtu.be\/I5hsUYl3DAo<\/a><\/span><\/p>\n<p><span style=\"font-size: large;\">Alcan\u00e7ando o sucesso em sua carreira (Prof. Esp. Rubens Rolllo Cavalin Junior)<\/span><br \/>\n<span style=\"font-size: large;\"><a href=\"https:\/\/youtu.be\/LlFugFAAYQw\" target=\"_blank\" rel=\"noopener noreferrer\">https:\/\/youtu.be\/LlFugFAAYQw<\/a><\/span><\/div>\n<div dir=\"ltr\" style=\"text-align: justify;\"><\/div>\n<div dir=\"ltr\" style=\"text-align: justify;\"><span style=\"font-size: large;\">\ud83d\udc4d\u00a0<a href=\"https:\/\/www.facebook.com\/Unifadra\/posts\/2085948131544999\" target=\"_blank\" rel=\"noopener noreferrer\">https:\/\/www.facebook.com\/Unifadra\/posts\/2085948131544999<\/a><\/span><\/div>\n<div dir=\"ltr\" style=\"text-align: justify;\"><\/div>\n<div dir=\"ltr\" style=\"text-align: justify;\">Fonte: Departamento de Comunica\u00e7\u00e3o da Fundec<\/div>\n","protected":false},"excerpt":{"rendered":"<p>No dia 17 de junho foi realizada a \u00faltima palestra dos Semin\u00e1rios de Educa\u00e7\u00e3o F\u00edsica, iniciados em mar\u00e7o. O convidado da noite foi o Prof. Esp. Rubens Rollo Cavallin Junior, que tamb\u00e9m \u00e9 life coaching, e abordou o tema &#8220;Alcan\u00e7ando o sucesso em sua carreira&#8221;. A palestra iniciou com uma reflex\u00e3o sobre a mediocridade e [&hellip;]<\/p>\n","protected":false},"author":1,"featured_media":50072,"comment_status":"closed","ping_status":"open","sticky":false,"template":"","format":"standard","meta":{"footnotes":""},"categories":[122],"tags":[],"class_list":["post-50071","post","type-post","status-publish","format-standard","has-post-thumbnail","hentry","category-saudeeducacaoeconcurso"],"_links":{"self":[{"href":"https:\/\/jorgezanoni.com.br\/2019\/wp-json\/wp\/v2\/posts\/50071","targetHints":{"allow":["GET"]}}],"collection":[{"href":"https:\/\/jorgezanoni.com.br\/2019\/wp-json\/wp\/v2\/posts"}],"about":[{"href":"https:\/\/jorgezanoni.com.br\/2019\/wp-json\/wp\/v2\/types\/post"}],"author":[{"embeddable":true,"href":"https:\/\/jorgezanoni.com.br\/2019\/wp-json\/wp\/v2\/users\/1"}],"replies":[{"embeddable":true,"href":"https:\/\/jorgezanoni.com.br\/2019\/wp-json\/wp\/v2\/comments?post=50071"}],"version-history":[{"count":0,"href":"https:\/\/jorgezanoni.com.br\/2019\/wp-json\/wp\/v2\/posts\/50071\/revisions"}],"wp:featuredmedia":[{"embeddable":true,"href":"https:\/\/jorgezanoni.com.br\/2019\/wp-json\/wp\/v2\/media\/50072"}],"wp:attachment":[{"href":"https:\/\/jorgezanoni.com.br\/2019\/wp-json\/wp\/v2\/media?parent=50071"}],"wp:term":[{"taxonomy":"category","embeddable":true,"href":"https:\/\/jorgezanoni.com.br\/2019\/wp-json\/wp\/v2\/categories?post=50071"},{"taxonomy":"post_tag","embeddable":true,"href":"https:\/\/jorgezanoni.com.br\/2019\/wp-json\/wp\/v2\/tags?post=50071"}],"curies":[{"name":"wp","href":"https:\/\/api.w.org\/{rel}","templated":true}]}}