{"id":50058,"date":"2021-06-28T13:25:03","date_gmt":"2021-06-28T13:25:03","guid":{"rendered":"https:\/\/jorgezanoni.com.br\/2019\/?p=50058"},"modified":"2021-06-28T13:25:03","modified_gmt":"2021-06-28T13:25:03","slug":"lazaro-e-morto-apos-ser-baleado-em-goias","status":"publish","type":"post","link":"https:\/\/jorgezanoni.com.br\/2019\/lazaro-e-morto-apos-ser-baleado-em-goias\/","title":{"rendered":"L\u00e1zaro \u00e9 morto ap\u00f3s ser baleado em Goi\u00e1s"},"content":{"rendered":"<h2 class=\"content-head__subtitle\" style=\"text-align: justify;\"><strong>Suspeito de chacina em Ceil\u00e2ndia, no DF, era procurado por uma for\u00e7a-tarefa policial desde 9 de junho. Aos 32 anos, ele tem extensa ficha criminal, fugiu tr\u00eas vezes da pris\u00e3o e \u00e9 acusado de diversos crimes desde 2007.<\/strong><\/h2>\n<div class=\"mc-column content-text active-extra-styles \" data-block-type=\"unstyled\" data-block-weight=\"31\" data-block-id=\"2\">\n<p class=\"content-text__container \" style=\"text-align: justify;\" data-track-category=\"Link no Texto\" data-track-links=\"\">Ap\u00f3s 20 dias de uma megaopera\u00e7\u00e3o, com mais de 270 policiais,\u00a0<a href=\"https:\/\/g1.globo.com\/tudo-sobre\/lazaro-barbosa\/\">L\u00e1zaro Barbosa<\/a>, de 32 anos, foi morto ap\u00f3s ser baleado nesta segunda-feira (28), em Goi\u00e1s\u00a0<strong><em>(assista ao v\u00eddeo acima)<\/em><\/strong>.<\/p>\n<\/div>\n<div class=\"wall protected-content\">\n<div class=\"mc-column content-text active-extra-styles \" style=\"text-align: justify;\" data-block-type=\"unstyled\" data-block-weight=\"62\" data-block-id=\"3\">\n<p class=\"content-text__container \" data-track-category=\"Link no Texto\" data-track-links=\"\">Policiais comemoraram a pris\u00e3o e imagens mostram o fugitivo ferido. Condenado por assassinatos e estupros, o fugitivo da Justi\u00e7a era procurado por uma s\u00e9rie de crimes na Bahia e em Goi\u00e1s. Ele tamb\u00e9m \u00e9 acusado da morte de quatro pessoas de uma fam\u00edlia em\u00a0<a href=\"https:\/\/g1.globo.com\/df\/distrito-federal\/cidade\/ceilandia\/\">Ceil\u00e2ndia<\/a>, no Distrito Federal, e de<a href=\"https:\/\/g1.globo.com\/go\/goias\/noticia\/2021\/06\/17\/lazaro-barbosa-e-investigado-por-matar-caseiro-em-goias-quatro-dias-antes-de-chacina-em-ceilandia.ghtml\">\u00a0um caseiro de uma fazenda no distrito de Girassol, em Goi\u00e1s.<\/a><\/p>\n<p class=\"content-text__container \" data-track-category=\"Link no Texto\" data-track-links=\"\"><span style=\"font-style: italic; text-align: center;\">&#8220;Acabo de receber neste momento uma informa\u00e7\u00e3o de todas as equipes que est\u00e3o na regi\u00e3o de Cocalzinho que o L\u00e1zaro foi preso&#8221;, disse o governador Ronaldo Caiado.<\/span><\/p>\n<p data-track-category=\"Link no Texto\" data-track-links=\"\">&#8220;Como eu disse, era quest\u00e3o de tempo at\u00e9 que a nossa pol\u00edcia, a mais preparada do Pa\u00eds, capturasse o assassino L\u00e1zaro Barbosa. Parab\u00e9ns para as nossas for\u00e7as de seguran\u00e7a. Voc\u00eas s\u00e3o motivo de muito orgulho para a nossa gente! Goi\u00e1s n\u00e3o \u00e9 Disneyl\u00e2ndia de bandido&#8221;, completou o governador.<\/p>\n<p style=\"text-align: justify;\" data-track-category=\"Link no Texto\" data-track-links=\"\"><img loading=\"lazy\" decoding=\"async\" class=\"alignnone size-full wp-image-50059\" src=\"https:\/\/jorgezanoni.com.br\/2019\/wp-content\/uploads\/2021\/06\/lazaro.jpg\" alt=\"\" width=\"984\" height=\"616\" srcset=\"https:\/\/jorgezanoni.com.br\/2019\/wp-content\/uploads\/2021\/06\/lazaro.jpg 984w, https:\/\/jorgezanoni.com.br\/2019\/wp-content\/uploads\/2021\/06\/lazaro-300x188.jpg 300w, https:\/\/jorgezanoni.com.br\/2019\/wp-content\/uploads\/2021\/06\/lazaro-768x481.jpg 768w, https:\/\/jorgezanoni.com.br\/2019\/wp-content\/uploads\/2021\/06\/lazaro-696x436.jpg 696w, https:\/\/jorgezanoni.com.br\/2019\/wp-content\/uploads\/2021\/06\/lazaro-671x420.jpg 671w\" sizes=\"auto, (max-width: 984px) 100vw, 984px\" \/>Fonte: https:\/\/g1.globo.com\/go\/goias\/noticia\/2021\/06\/28\/lazaro-e-preso-em-goias-diz-governador.ghtml<\/p>\n<\/div>\n<\/div>\n","protected":false},"excerpt":{"rendered":"<p>Suspeito de chacina em Ceil\u00e2ndia, no DF, era procurado por uma for\u00e7a-tarefa policial desde 9 de junho. Aos 32 anos, ele tem extensa ficha criminal, fugiu tr\u00eas vezes da pris\u00e3o e \u00e9 acusado de diversos crimes desde 2007. Ap\u00f3s 20 dias de uma megaopera\u00e7\u00e3o, com mais de 270 policiais,\u00a0L\u00e1zaro Barbosa, de 32 anos, foi morto [&hellip;]<\/p>\n","protected":false},"author":1,"featured_media":50060,"comment_status":"closed","ping_status":"open","sticky":false,"template":"","format":"standard","meta":{"footnotes":""},"categories":[110,2],"tags":[],"class_list":["post-50058","post","type-post","status-publish","format-standard","has-post-thumbnail","hentry","category-noticiasdestaque","category-policial"],"_links":{"self":[{"href":"https:\/\/jorgezanoni.com.br\/2019\/wp-json\/wp\/v2\/posts\/50058","targetHints":{"allow":["GET"]}}],"collection":[{"href":"https:\/\/jorgezanoni.com.br\/2019\/wp-json\/wp\/v2\/posts"}],"about":[{"href":"https:\/\/jorgezanoni.com.br\/2019\/wp-json\/wp\/v2\/types\/post"}],"author":[{"embeddable":true,"href":"https:\/\/jorgezanoni.com.br\/2019\/wp-json\/wp\/v2\/users\/1"}],"replies":[{"embeddable":true,"href":"https:\/\/jorgezanoni.com.br\/2019\/wp-json\/wp\/v2\/comments?post=50058"}],"version-history":[{"count":0,"href":"https:\/\/jorgezanoni.com.br\/2019\/wp-json\/wp\/v2\/posts\/50058\/revisions"}],"wp:featuredmedia":[{"embeddable":true,"href":"https:\/\/jorgezanoni.com.br\/2019\/wp-json\/wp\/v2\/media\/50060"}],"wp:attachment":[{"href":"https:\/\/jorgezanoni.com.br\/2019\/wp-json\/wp\/v2\/media?parent=50058"}],"wp:term":[{"taxonomy":"category","embeddable":true,"href":"https:\/\/jorgezanoni.com.br\/2019\/wp-json\/wp\/v2\/categories?post=50058"},{"taxonomy":"post_tag","embeddable":true,"href":"https:\/\/jorgezanoni.com.br\/2019\/wp-json\/wp\/v2\/tags?post=50058"}],"curies":[{"name":"wp","href":"https:\/\/api.w.org\/{rel}","templated":true}]}}