{"id":50024,"date":"2021-06-27T17:06:21","date_gmt":"2021-06-27T17:06:21","guid":{"rendered":"https:\/\/jorgezanoni.com.br\/2019\/?p=50024"},"modified":"2021-06-27T17:06:21","modified_gmt":"2021-06-27T17:06:21","slug":"dracenense-morre-de-covid-em-juazeiro-do-norte-ce","status":"publish","type":"post","link":"https:\/\/jorgezanoni.com.br\/2019\/dracenense-morre-de-covid-em-juazeiro-do-norte-ce\/","title":{"rendered":"Dracenense morre de Covid em Juazeiro do Norte\/CE."},"content":{"rendered":"<p style=\"text-align: justify;\">O dracenense C\u00edcero Feitosa Leonel, faleceu ontem (26) em Juazeiro do Norte, no Cear\u00e1. Ele estava em tratamento da Covid e n\u00e3o resistiu, vindo a \u00f3bito.<\/p>\n<p style=\"text-align: justify;\">Morador de Dracena por anos, era conhecido por seu trabalho como eletricista, principalmente no com\u00e9rcio de Dracena.<\/p>\n<p style=\"text-align: justify;\">Os sentimentos do Site JZ aos familiares e amigos.<\/p>\n<div role=\"row\">\n<div class=\"\">\n<div class=\"j83agx80 cbu4d94t\">\n<div class=\"j83agx80\">\n<div class=\"jn8vp64t l9j0dhe7 hpfvmrgz\">\n<div class=\"lzcic4wl\" tabindex=\"0\" role=\"gridcell\" data-scope=\"messages_table\" data-recover=\"true\">\n<div class=\"ni8dbmo4 stjgntxs g5ia77u1 ii04i59q j83agx80 cbu4d94t ll8tlv6m\" data-testid=\"messenger_incoming_text_row\">\n<div class=\"l60d2q6s d1544ag0 sj5x9vvc tw6a2znq l9j0dhe7 ni8dbmo4 stjgntxs qlfml3jp inkptoze e72ty7fz qttc61fc jm1wdb64 qv66sw1b ljqsnud1 g6srhlxm odn2s2vf\">\n<div class=\"oo9gr5id\" dir=\"auto\"><\/div>\n<\/div>\n<\/div>\n<\/div>\n<\/div>\n<div id=\"jsc_c_25i\" class=\"j83agx80 aovydwv3 rl25f0pe iyic8zgw\" role=\"none\" data-testid=\"messenger_delivery_status\"><\/div>\n<\/div>\n<\/div>\n<\/div>\n<\/div>\n<div role=\"row\">\n<div class=\"\">\n<div class=\"j83agx80 cbu4d94t\">\n<div class=\"j83agx80 jwdofwj8\">\n<div class=\"jn8vp64t l9j0dhe7 hpfvmrgz\">\n<div class=\"lzcic4wl\" tabindex=\"0\" role=\"gridcell\" data-scope=\"messages_table\" data-recover=\"true\">\n<div class=\"ni8dbmo4 stjgntxs g5ia77u1 ii04i59q j83agx80 cbu4d94t ll8tlv6m\" data-testid=\"messenger_incoming_text_row\">\n<div class=\"l60d2q6s d1544ag0 sj5x9vvc tw6a2znq l9j0dhe7 ni8dbmo4 stjgntxs qlfml3jp inkptoze jk6sbkaj qmr60zad jm1wdb64 qv66sw1b ljqsnud1 g6srhlxm odn2s2vf\">\n<div class=\"oo9gr5id\" dir=\"auto\"><\/div>\n<\/div>\n<\/div>\n<\/div>\n<\/div>\n<\/div>\n<\/div>\n<\/div>\n<\/div>\n","protected":false},"excerpt":{"rendered":"<p>O dracenense C\u00edcero Feitosa Leonel, faleceu ontem (26) em Juazeiro do Norte, no Cear\u00e1. Ele estava em tratamento da Covid e n\u00e3o resistiu, vindo a \u00f3bito. Morador de Dracena por anos, era conhecido por seu trabalho como eletricista, principalmente no com\u00e9rcio de Dracena. Os sentimentos do Site JZ aos familiares e amigos.<\/p>\n","protected":false},"author":1,"featured_media":50025,"comment_status":"closed","ping_status":"open","sticky":false,"template":"","format":"standard","meta":{"footnotes":""},"categories":[178,110],"tags":[],"class_list":["post-50024","post","type-post","status-publish","format-standard","has-post-thumbnail","hentry","category-notadefalecimento","category-noticiasdestaque"],"_links":{"self":[{"href":"https:\/\/jorgezanoni.com.br\/2019\/wp-json\/wp\/v2\/posts\/50024","targetHints":{"allow":["GET"]}}],"collection":[{"href":"https:\/\/jorgezanoni.com.br\/2019\/wp-json\/wp\/v2\/posts"}],"about":[{"href":"https:\/\/jorgezanoni.com.br\/2019\/wp-json\/wp\/v2\/types\/post"}],"author":[{"embeddable":true,"href":"https:\/\/jorgezanoni.com.br\/2019\/wp-json\/wp\/v2\/users\/1"}],"replies":[{"embeddable":true,"href":"https:\/\/jorgezanoni.com.br\/2019\/wp-json\/wp\/v2\/comments?post=50024"}],"version-history":[{"count":0,"href":"https:\/\/jorgezanoni.com.br\/2019\/wp-json\/wp\/v2\/posts\/50024\/revisions"}],"wp:featuredmedia":[{"embeddable":true,"href":"https:\/\/jorgezanoni.com.br\/2019\/wp-json\/wp\/v2\/media\/50025"}],"wp:attachment":[{"href":"https:\/\/jorgezanoni.com.br\/2019\/wp-json\/wp\/v2\/media?parent=50024"}],"wp:term":[{"taxonomy":"category","embeddable":true,"href":"https:\/\/jorgezanoni.com.br\/2019\/wp-json\/wp\/v2\/categories?post=50024"},{"taxonomy":"post_tag","embeddable":true,"href":"https:\/\/jorgezanoni.com.br\/2019\/wp-json\/wp\/v2\/tags?post=50024"}],"curies":[{"name":"wp","href":"https:\/\/api.w.org\/{rel}","templated":true}]}}