{"id":50019,"date":"2021-06-27T14:25:58","date_gmt":"2021-06-27T14:25:58","guid":{"rendered":"https:\/\/jorgezanoni.com.br\/2019\/?p=50019"},"modified":"2021-06-27T14:25:58","modified_gmt":"2021-06-27T14:25:58","slug":"morre-a-tupiense-dona-nezia-mae-do-neninho-que-faleceu-esta-semana","status":"publish","type":"post","link":"https:\/\/jorgezanoni.com.br\/2019\/morre-a-tupiense-dona-nezia-mae-do-neninho-que-faleceu-esta-semana\/","title":{"rendered":"Morre a tupiense dona N\u00e9zia, m\u00e3e do Neninho que faleceu esta semana"},"content":{"rendered":"<p style=\"text-align: justify;\">Comunicamos com pesar o falececimento da moradora de Tupi Paulista, Gen\u00e9zia Batista de Souza (Dona N\u00e9zia) de 84 anos, m\u00e3e do Deocleciano Batista de Souza (Neninho) que faleceu na \u00faltima ter\u00e7a-feira (22).<\/p>\n<p>Era v\u00eduva, deixa filhos, genros, noras, netos, bisnetos, demais familiares e amigos.<\/p>\n<p style=\"text-align: justify;\">Ela estava internada em Catanduva e veio a \u00f3bito por complica\u00e7\u00f5es da Covid, mesma causa da morte do filho.<\/p>\n<p style=\"text-align: justify;\">O sepultamento ocorre hoje (27) \u00e0s 15 Hs., com cortejo saindo da antiga Cotuca em Tupi Paulista para o Cemit\u00e9rio local.<\/p>\n<p>\u00c1 familia enlutada, os sentimentos do Site JZ neste dif\u00edcil momento.<\/p>\n<p><img loading=\"lazy\" decoding=\"async\" class=\"alignnone size-full wp-image-50020\" src=\"https:\/\/jorgezanoni.com.br\/2019\/wp-content\/uploads\/2021\/06\/Neninho-2-1.jpg\" alt=\"\" width=\"200\" height=\"238\" \/>Filho Neninho que faleceu esta semana.<\/p>\n<p style=\"text-align: justify;\">Jorge Zanoni<\/p>\n","protected":false},"excerpt":{"rendered":"<p>Comunicamos com pesar o falececimento da moradora de Tupi Paulista, Gen\u00e9zia Batista de Souza (Dona N\u00e9zia) de 84 anos, m\u00e3e do Deocleciano Batista de Souza (Neninho) que faleceu na \u00faltima ter\u00e7a-feira (22). Era v\u00eduva, deixa filhos, genros, noras, netos, bisnetos, demais familiares e amigos. Ela estava internada em Catanduva e veio a \u00f3bito por complica\u00e7\u00f5es [&hellip;]<\/p>\n","protected":false},"author":1,"featured_media":50021,"comment_status":"closed","ping_status":"open","sticky":false,"template":"","format":"standard","meta":{"footnotes":""},"categories":[178,110],"tags":[],"class_list":["post-50019","post","type-post","status-publish","format-standard","has-post-thumbnail","hentry","category-notadefalecimento","category-noticiasdestaque"],"_links":{"self":[{"href":"https:\/\/jorgezanoni.com.br\/2019\/wp-json\/wp\/v2\/posts\/50019","targetHints":{"allow":["GET"]}}],"collection":[{"href":"https:\/\/jorgezanoni.com.br\/2019\/wp-json\/wp\/v2\/posts"}],"about":[{"href":"https:\/\/jorgezanoni.com.br\/2019\/wp-json\/wp\/v2\/types\/post"}],"author":[{"embeddable":true,"href":"https:\/\/jorgezanoni.com.br\/2019\/wp-json\/wp\/v2\/users\/1"}],"replies":[{"embeddable":true,"href":"https:\/\/jorgezanoni.com.br\/2019\/wp-json\/wp\/v2\/comments?post=50019"}],"version-history":[{"count":0,"href":"https:\/\/jorgezanoni.com.br\/2019\/wp-json\/wp\/v2\/posts\/50019\/revisions"}],"wp:featuredmedia":[{"embeddable":true,"href":"https:\/\/jorgezanoni.com.br\/2019\/wp-json\/wp\/v2\/media\/50021"}],"wp:attachment":[{"href":"https:\/\/jorgezanoni.com.br\/2019\/wp-json\/wp\/v2\/media?parent=50019"}],"wp:term":[{"taxonomy":"category","embeddable":true,"href":"https:\/\/jorgezanoni.com.br\/2019\/wp-json\/wp\/v2\/categories?post=50019"},{"taxonomy":"post_tag","embeddable":true,"href":"https:\/\/jorgezanoni.com.br\/2019\/wp-json\/wp\/v2\/tags?post=50019"}],"curies":[{"name":"wp","href":"https:\/\/api.w.org\/{rel}","templated":true}]}}