{"id":50016,"date":"2021-06-27T14:07:16","date_gmt":"2021-06-27T14:07:16","guid":{"rendered":"https:\/\/jorgezanoni.com.br\/2019\/?p=50016"},"modified":"2021-06-27T14:07:16","modified_gmt":"2021-06-27T14:07:16","slug":"delegado-seccional-dr-nilton-continua-internado-e-passou-bem-esta-noite","status":"publish","type":"post","link":"https:\/\/jorgezanoni.com.br\/2019\/delegado-seccional-dr-nilton-continua-internado-e-passou-bem-esta-noite\/","title":{"rendered":"Delegado Seccional Dr. Nilton continua internado e passou bem esta noite"},"content":{"rendered":"<p style=\"text-align: justify;\"><strong>Recebemos informa\u00e7\u00f5es do Dr. Feres Karan sobre o estado de sa\u00fade do Dr. Nilton Santos Paschoal que est\u00e1 internado na Santa Casa de Presidente Prudente ap\u00f3s acidente de moto da madrugada de ontem (26).<\/strong><\/p>\n<p style=\"text-align: justify;\">&#8220;Para conhecimento, a respeito do estado de sa\u00fade do Dr. Nilton Santos Paschoal, Delegado Seccional de Pol\u00edcia: &#8221; Bom dia pessoal. Um dos seus genros mandou um \u00e1udio informando que o Dr. Nilton passou bem a noite, sem anormalidades. Tudo transcorrendo bem. Iriam repetir em tomo em 48 hs mas como ele est\u00e1 estabilizado v\u00e3o realizar o exame hoje&#8221;.<\/p>\n<p>Vamos continuar orando para o pronto restabelecimento do Dr. Nilton.<\/p>\n<p>Jorge Zanoni<\/p>\n","protected":false},"excerpt":{"rendered":"<p>Recebemos informa\u00e7\u00f5es do Dr. Feres Karan sobre o estado de sa\u00fade do Dr. Nilton Santos Paschoal que est\u00e1 internado na Santa Casa de Presidente Prudente ap\u00f3s acidente de moto da madrugada de ontem (26). &#8220;Para conhecimento, a respeito do estado de sa\u00fade do Dr. Nilton Santos Paschoal, Delegado Seccional de Pol\u00edcia: &#8221; Bom dia pessoal. [&hellip;]<\/p>\n","protected":false},"author":1,"featured_media":50017,"comment_status":"closed","ping_status":"open","sticky":false,"template":"","format":"standard","meta":{"footnotes":""},"categories":[114,110],"tags":[],"class_list":["post-50016","post","type-post","status-publish","format-standard","has-post-thumbnail","hentry","category-geralecomercio","category-noticiasdestaque"],"_links":{"self":[{"href":"https:\/\/jorgezanoni.com.br\/2019\/wp-json\/wp\/v2\/posts\/50016","targetHints":{"allow":["GET"]}}],"collection":[{"href":"https:\/\/jorgezanoni.com.br\/2019\/wp-json\/wp\/v2\/posts"}],"about":[{"href":"https:\/\/jorgezanoni.com.br\/2019\/wp-json\/wp\/v2\/types\/post"}],"author":[{"embeddable":true,"href":"https:\/\/jorgezanoni.com.br\/2019\/wp-json\/wp\/v2\/users\/1"}],"replies":[{"embeddable":true,"href":"https:\/\/jorgezanoni.com.br\/2019\/wp-json\/wp\/v2\/comments?post=50016"}],"version-history":[{"count":0,"href":"https:\/\/jorgezanoni.com.br\/2019\/wp-json\/wp\/v2\/posts\/50016\/revisions"}],"wp:featuredmedia":[{"embeddable":true,"href":"https:\/\/jorgezanoni.com.br\/2019\/wp-json\/wp\/v2\/media\/50017"}],"wp:attachment":[{"href":"https:\/\/jorgezanoni.com.br\/2019\/wp-json\/wp\/v2\/media?parent=50016"}],"wp:term":[{"taxonomy":"category","embeddable":true,"href":"https:\/\/jorgezanoni.com.br\/2019\/wp-json\/wp\/v2\/categories?post=50016"},{"taxonomy":"post_tag","embeddable":true,"href":"https:\/\/jorgezanoni.com.br\/2019\/wp-json\/wp\/v2\/tags?post=50016"}],"curies":[{"name":"wp","href":"https:\/\/api.w.org\/{rel}","templated":true}]}}