{"id":4999,"date":"2019-09-01T02:45:00","date_gmt":"2019-09-01T02:45:00","guid":{"rendered":"https:\/\/jorgezanoni.com.br\/2019\/?p=4999"},"modified":"2019-09-01T02:45:46","modified_gmt":"2019-09-01T02:45:46","slug":"shopping-e-reaberto-apos-incendio-atingir-lojas-em-rio-preto","status":"publish","type":"post","link":"https:\/\/jorgezanoni.com.br\/2019\/shopping-e-reaberto-apos-incendio-atingir-lojas-em-rio-preto\/","title":{"rendered":"Shopping \u00e9 reaberto ap\u00f3s inc\u00eandio atingir lojas em Rio Preto"},"content":{"rendered":"<h2 class=\"content-head__subtitle\" style=\"text-align: justify;\"><strong>Reabertura foi realizada na tarde deste s\u00e1bado (31). Ningu\u00e9m ficou ferido.<\/strong><\/h2>\n<p><img loading=\"lazy\" decoding=\"async\" class=\"alignnone size-full wp-image-5002\" src=\"https:\/\/jorgezanoni.com.br\/2019\/wp-content\/uploads\/2019\/09\/shopping-1.jpg\" alt=\"\" width=\"1000\" height=\"484\" srcset=\"https:\/\/jorgezanoni.com.br\/2019\/wp-content\/uploads\/2019\/09\/shopping-1.jpg 1000w, https:\/\/jorgezanoni.com.br\/2019\/wp-content\/uploads\/2019\/09\/shopping-1-300x145.jpg 300w, https:\/\/jorgezanoni.com.br\/2019\/wp-content\/uploads\/2019\/09\/shopping-1-768x372.jpg 768w, https:\/\/jorgezanoni.com.br\/2019\/wp-content\/uploads\/2019\/09\/shopping-1-696x337.jpg 696w, https:\/\/jorgezanoni.com.br\/2019\/wp-content\/uploads\/2019\/09\/shopping-1-868x420.jpg 868w\" sizes=\"auto, (max-width: 1000px) 100vw, 1000px\" \/>Shopping Cidade Norte em Rio Preto \u2014 Foto: Reprodu\u00e7\u00e3o\/Google Street View<\/p>\n<div class=\"mc-column content-text active-extra-styles \" data-block-type=\"unstyled\" data-block-weight=\"44\" data-block-id=\"2\">\n<p class=\"content-text__container \" style=\"text-align: justify;\" data-track-category=\"Link no Texto\" data-track-links=\"\">O shopping Cidade Norte de S\u00e3o Jos\u00e9 do Rio Preto (SP), que precisou ser esvaziado ap\u00f3s ter sido\u00a0<a href=\"https:\/\/g1.globo.com\/sp\/sao-jose-do-rio-preto-aracatuba\/noticia\/2019\/08\/30\/shopping-e-esvaziado-apos-principio-de-incendio-atingir-loja-de-calcados-em-rio-preto.ghtml\">atingido por um inc\u00eandio<\/a>, foi reaberto na tarde deste s\u00e1bado (31). A Defesa Civil realizou exames e constatou que n\u00e3o houve danos estruturais no pr\u00e9dio.<\/p>\n<\/div>\n<div class=\"wall protected-content\">\n<div class=\"mc-column content-text active-extra-styles \" style=\"text-align: justify;\" data-block-type=\"unstyled\" data-block-weight=\"39\" data-block-id=\"3\">\n<p class=\"content-text__container \" data-track-category=\"Link no Texto\" data-track-links=\"\">Ao\u00a0<strong>G1<\/strong>,<strong>\u00a0<\/strong>a assessoria do shopping afirmou que duas lojas atingidas pelas chamas permanecem fechadas. Outras quatro tamb\u00e9m ainda n\u00e3o reabriram, pois est\u00e3o sendo limpas. A expectativa \u00e9 que elas voltem a funcionar normalmente na noite deste s\u00e1bado.<\/p>\n<\/div>\n<div class=\"mc-column content-text active-extra-styles \" style=\"text-align: justify;\" data-block-type=\"unstyled\" data-block-weight=\"32\" data-block-id=\"4\">\n<p class=\"content-text__container \" data-track-category=\"Link no Texto\" data-track-links=\"\">De acordo com o Corpo de Bombeiros, ainda n\u00e3o h\u00e1 informa\u00e7\u00f5es sobre como o inc\u00eandio come\u00e7ou. O trabalho de combate \u00e0s chamas durou cerca de duas horas. N\u00e3o houve registro de feridos.<\/p>\n<\/div>\n<div class=\"mc-column content-text active-extra-styles \" data-block-type=\"unstyled\" data-block-weight=\"27\" data-block-id=\"5\">\n<p class=\"content-text__container \" style=\"text-align: justify;\" data-track-category=\"Link no Texto\" data-track-links=\"\">Funcion\u00e1rios relataram \u00e0\u00a0<strong>TV TEM\u00a0<\/strong>que, por volta das 12h, o teto da pra\u00e7a de alimenta\u00e7\u00e3o pegou fogo, mas os brigadistas do shopping conseguiram controlar a situa\u00e7\u00e3o.<\/p>\n<p data-track-category=\"Link no Texto\" data-track-links=\"\"><img loading=\"lazy\" decoding=\"async\" class=\"alignnone size-full wp-image-5003\" src=\"https:\/\/jorgezanoni.com.br\/2019\/wp-content\/uploads\/2019\/09\/shop.jpeg\" alt=\"\" width=\"1000\" height=\"563\" srcset=\"https:\/\/jorgezanoni.com.br\/2019\/wp-content\/uploads\/2019\/09\/shop.jpeg 1000w, https:\/\/jorgezanoni.com.br\/2019\/wp-content\/uploads\/2019\/09\/shop-300x169.jpeg 300w, https:\/\/jorgezanoni.com.br\/2019\/wp-content\/uploads\/2019\/09\/shop-768x432.jpeg 768w, https:\/\/jorgezanoni.com.br\/2019\/wp-content\/uploads\/2019\/09\/shop-696x392.jpeg 696w, https:\/\/jorgezanoni.com.br\/2019\/wp-content\/uploads\/2019\/09\/shop-746x420.jpeg 746w\" sizes=\"auto, (max-width: 1000px) 100vw, 1000px\" \/>Shopping funciona normalmente em Rio PReto \u2014 Foto: Arquivo Pessoal<\/p>\n<div class=\"mc-column content-text active-extra-styles \" data-block-type=\"unstyled\" data-block-weight=\"33\" data-block-id=\"9\">\n<p class=\"content-text__container \" style=\"text-align: justify;\" data-track-category=\"Link no Texto\" data-track-links=\"\">Horas depois, o sistema de detector de fuma\u00e7a de outro estabelecimento disparou. Em seguida, as chamas atingiram o teto de uma loja cal\u00e7adista e acabaram se espalhando para outra, que comercializa \u00f3culos.<\/p>\n<\/div>\n<div class=\"mc-column content-text active-extra-styles \" style=\"text-align: justify;\" data-block-type=\"unstyled\" data-block-weight=\"26\" data-block-id=\"10\">\n<p class=\"content-text__container \" data-track-category=\"Link no Texto\" data-track-links=\"\">O gerente de uma das lojas afirmou que cerca de\u00a0<a href=\"https:\/\/g1.globo.com\/sp\/sao-jose-do-rio-preto-aracatuba\/noticia\/2019\/08\/31\/gerente-de-loja-atingida-por-incendio-diz-que-90percent-do-estoque-foram-danificados.ghtml\">90% do estoque<\/a>foram consumidos pelas chamas. Contudo, ele n\u00e3o informou qual foi o preju\u00edzo.<\/p>\n<\/div>\n<div class=\"mc-column content-text active-extra-styles \" style=\"text-align: justify;\" data-block-type=\"unstyled\" data-block-weight=\"20\" data-block-id=\"11\">\n<p class=\"content-text__container \" data-track-category=\"Link no Texto\" data-track-links=\"\">A Pol\u00edcia Civil foi acionada para apurar as causas do inc\u00eandio. Um laudo deve ficar pronto em 30 dias.<\/p>\n<\/div>\n<div class=\"mc-column content-text active-extra-styles \" data-block-type=\"unstyled\" data-block-weight=\"46\" data-block-id=\"12\">\n<p class=\"content-text__container \" style=\"text-align: justify;\" data-track-category=\"Link no Texto\" data-track-links=\"\">Em nota, a assessoria do shopping informou que agiu prontamente para controlar o incidente e que n\u00e3o h\u00e1 nenhuma liga\u00e7\u00e3o sobre a queima da l\u00e2mpada na pra\u00e7a de alimenta\u00e7\u00e3o e que os sistemas de fornecimento de energia s\u00e3o isolados nas diferentes partes do centro de compras.<\/p>\n<p data-track-category=\"Link no Texto\" data-track-links=\"\"><img loading=\"lazy\" decoding=\"async\" class=\"alignnone size-full wp-image-5004\" src=\"https:\/\/jorgezanoni.com.br\/2019\/wp-content\/uploads\/2019\/09\/sho.jpeg\" alt=\"\" width=\"1000\" height=\"669\" srcset=\"https:\/\/jorgezanoni.com.br\/2019\/wp-content\/uploads\/2019\/09\/sho.jpeg 1000w, https:\/\/jorgezanoni.com.br\/2019\/wp-content\/uploads\/2019\/09\/sho-300x201.jpeg 300w, https:\/\/jorgezanoni.com.br\/2019\/wp-content\/uploads\/2019\/09\/sho-768x514.jpeg 768w, https:\/\/jorgezanoni.com.br\/2019\/wp-content\/uploads\/2019\/09\/sho-696x466.jpeg 696w, https:\/\/jorgezanoni.com.br\/2019\/wp-content\/uploads\/2019\/09\/sho-628x420.jpeg 628w\" sizes=\"auto, (max-width: 1000px) 100vw, 1000px\" \/>Corpo de Bombeiros trabalhou no combate \u00e0s chamas em Rio Preto \u2014 Foto: Arquivo pessoal<\/p>\n<p style=\"text-align: justify;\" data-track-category=\"Link no Texto\" data-track-links=\"\">Fonte: https:\/\/g1.globo.com\/sp\/sao-jose-do-rio-preto-aracatuba\/noticia\/2019\/08\/31\/shopping-e-reaberto-apos-incendio-atingir-lojas-em-rio-preto.ghtml<\/p>\n<\/div>\n<\/div>\n<\/div>\n","protected":false},"excerpt":{"rendered":"<p>Reabertura foi realizada na tarde deste s\u00e1bado (31). Ningu\u00e9m ficou ferido. Shopping Cidade Norte em Rio Preto \u2014 Foto: Reprodu\u00e7\u00e3o\/Google Street View O shopping Cidade Norte de S\u00e3o Jos\u00e9 do Rio Preto (SP), que precisou ser esvaziado ap\u00f3s ter sido\u00a0atingido por um inc\u00eandio, foi reaberto na tarde deste s\u00e1bado (31). A Defesa Civil realizou exames [&hellip;]<\/p>\n","protected":false},"author":1,"featured_media":5005,"comment_status":"closed","ping_status":"open","sticky":false,"template":"","format":"standard","meta":{"footnotes":""},"categories":[110,2,1],"tags":[],"class_list":["post-4999","post","type-post","status-publish","format-standard","has-post-thumbnail","hentry","category-noticiasdestaque","category-policial","category-uncategorized"],"_links":{"self":[{"href":"https:\/\/jorgezanoni.com.br\/2019\/wp-json\/wp\/v2\/posts\/4999","targetHints":{"allow":["GET"]}}],"collection":[{"href":"https:\/\/jorgezanoni.com.br\/2019\/wp-json\/wp\/v2\/posts"}],"about":[{"href":"https:\/\/jorgezanoni.com.br\/2019\/wp-json\/wp\/v2\/types\/post"}],"author":[{"embeddable":true,"href":"https:\/\/jorgezanoni.com.br\/2019\/wp-json\/wp\/v2\/users\/1"}],"replies":[{"embeddable":true,"href":"https:\/\/jorgezanoni.com.br\/2019\/wp-json\/wp\/v2\/comments?post=4999"}],"version-history":[{"count":0,"href":"https:\/\/jorgezanoni.com.br\/2019\/wp-json\/wp\/v2\/posts\/4999\/revisions"}],"wp:featuredmedia":[{"embeddable":true,"href":"https:\/\/jorgezanoni.com.br\/2019\/wp-json\/wp\/v2\/media\/5005"}],"wp:attachment":[{"href":"https:\/\/jorgezanoni.com.br\/2019\/wp-json\/wp\/v2\/media?parent=4999"}],"wp:term":[{"taxonomy":"category","embeddable":true,"href":"https:\/\/jorgezanoni.com.br\/2019\/wp-json\/wp\/v2\/categories?post=4999"},{"taxonomy":"post_tag","embeddable":true,"href":"https:\/\/jorgezanoni.com.br\/2019\/wp-json\/wp\/v2\/tags?post=4999"}],"curies":[{"name":"wp","href":"https:\/\/api.w.org\/{rel}","templated":true}]}}