{"id":49981,"date":"2021-06-27T12:20:33","date_gmt":"2021-06-27T12:20:33","guid":{"rendered":"https:\/\/jorgezanoni.com.br\/2019\/?p=49981"},"modified":"2021-06-27T20:07:37","modified_gmt":"2021-06-27T20:07:37","slug":"aniversariantes-do-dia-27-06-21","status":"publish","type":"post","link":"https:\/\/jorgezanoni.com.br\/2019\/aniversariantes-do-dia-27-06-21\/","title":{"rendered":"Aniversariantes do Dia 27\/06\/21"},"content":{"rendered":"<p>PARABENIZAMOS OS ANIVERSARIANTES DE HOJE:<\/p>\n<p><img loading=\"lazy\" decoding=\"async\" class=\"alignnone size-full wp-image-49982\" src=\"https:\/\/jorgezanoni.com.br\/2019\/wp-content\/uploads\/2021\/06\/Claudete-Fortes.jpg\" alt=\"\" width=\"960\" height=\"960\" srcset=\"https:\/\/jorgezanoni.com.br\/2019\/wp-content\/uploads\/2021\/06\/Claudete-Fortes.jpg 960w, https:\/\/jorgezanoni.com.br\/2019\/wp-content\/uploads\/2021\/06\/Claudete-Fortes-300x300.jpg 300w, https:\/\/jorgezanoni.com.br\/2019\/wp-content\/uploads\/2021\/06\/Claudete-Fortes-150x150.jpg 150w, https:\/\/jorgezanoni.com.br\/2019\/wp-content\/uploads\/2021\/06\/Claudete-Fortes-768x768.jpg 768w, https:\/\/jorgezanoni.com.br\/2019\/wp-content\/uploads\/2021\/06\/Claudete-Fortes-696x696.jpg 696w, https:\/\/jorgezanoni.com.br\/2019\/wp-content\/uploads\/2021\/06\/Claudete-Fortes-420x420.jpg 420w\" sizes=\"auto, (max-width: 960px) 100vw, 960px\" \/>Claudete Fortes<\/p>\n<p><img loading=\"lazy\" decoding=\"async\" class=\"alignnone size-full wp-image-49983\" src=\"https:\/\/jorgezanoni.com.br\/2019\/wp-content\/uploads\/2021\/06\/Cristiane-Felca.jpg\" alt=\"\" width=\"1080\" height=\"1075\" srcset=\"https:\/\/jorgezanoni.com.br\/2019\/wp-content\/uploads\/2021\/06\/Cristiane-Felca.jpg 1080w, https:\/\/jorgezanoni.com.br\/2019\/wp-content\/uploads\/2021\/06\/Cristiane-Felca-300x300.jpg 300w, https:\/\/jorgezanoni.com.br\/2019\/wp-content\/uploads\/2021\/06\/Cristiane-Felca-1024x1019.jpg 1024w, https:\/\/jorgezanoni.com.br\/2019\/wp-content\/uploads\/2021\/06\/Cristiane-Felca-150x150.jpg 150w, https:\/\/jorgezanoni.com.br\/2019\/wp-content\/uploads\/2021\/06\/Cristiane-Felca-768x764.jpg 768w, https:\/\/jorgezanoni.com.br\/2019\/wp-content\/uploads\/2021\/06\/Cristiane-Felca-696x693.jpg 696w, https:\/\/jorgezanoni.com.br\/2019\/wp-content\/uploads\/2021\/06\/Cristiane-Felca-1068x1063.jpg 1068w, https:\/\/jorgezanoni.com.br\/2019\/wp-content\/uploads\/2021\/06\/Cristiane-Felca-422x420.jpg 422w\" sizes=\"auto, (max-width: 1080px) 100vw, 1080px\" \/>Cristiane Felca<\/p>\n<p><img loading=\"lazy\" decoding=\"async\" class=\"alignnone size-full wp-image-49984\" src=\"https:\/\/jorgezanoni.com.br\/2019\/wp-content\/uploads\/2021\/06\/D\u00e9bora-Susana-Segura.jpg\" alt=\"\" width=\"884\" height=\"884\" srcset=\"https:\/\/jorgezanoni.com.br\/2019\/wp-content\/uploads\/2021\/06\/D\u00e9bora-Susana-Segura.jpg 884w, https:\/\/jorgezanoni.com.br\/2019\/wp-content\/uploads\/2021\/06\/D\u00e9bora-Susana-Segura-300x300.jpg 300w, https:\/\/jorgezanoni.com.br\/2019\/wp-content\/uploads\/2021\/06\/D\u00e9bora-Susana-Segura-150x150.jpg 150w, https:\/\/jorgezanoni.com.br\/2019\/wp-content\/uploads\/2021\/06\/D\u00e9bora-Susana-Segura-768x768.jpg 768w, https:\/\/jorgezanoni.com.br\/2019\/wp-content\/uploads\/2021\/06\/D\u00e9bora-Susana-Segura-696x696.jpg 696w, https:\/\/jorgezanoni.com.br\/2019\/wp-content\/uploads\/2021\/06\/D\u00e9bora-Susana-Segura-420x420.jpg 420w\" sizes=\"auto, (max-width: 884px) 100vw, 884px\" \/>D\u00e9bora Susana Segura<\/p>\n<p><img loading=\"lazy\" decoding=\"async\" class=\"alignnone size-full wp-image-49985\" src=\"https:\/\/jorgezanoni.com.br\/2019\/wp-content\/uploads\/2021\/06\/Elaine-Felca-Beirigo-Giannini.jpg\" alt=\"\" width=\"996\" height=\"996\" srcset=\"https:\/\/jorgezanoni.com.br\/2019\/wp-content\/uploads\/2021\/06\/Elaine-Felca-Beirigo-Giannini.jpg 996w, https:\/\/jorgezanoni.com.br\/2019\/wp-content\/uploads\/2021\/06\/Elaine-Felca-Beirigo-Giannini-300x300.jpg 300w, https:\/\/jorgezanoni.com.br\/2019\/wp-content\/uploads\/2021\/06\/Elaine-Felca-Beirigo-Giannini-150x150.jpg 150w, https:\/\/jorgezanoni.com.br\/2019\/wp-content\/uploads\/2021\/06\/Elaine-Felca-Beirigo-Giannini-768x768.jpg 768w, https:\/\/jorgezanoni.com.br\/2019\/wp-content\/uploads\/2021\/06\/Elaine-Felca-Beirigo-Giannini-696x696.jpg 696w, https:\/\/jorgezanoni.com.br\/2019\/wp-content\/uploads\/2021\/06\/Elaine-Felca-Beirigo-Giannini-420x420.jpg 420w\" sizes=\"auto, (max-width: 996px) 100vw, 996px\" \/>Elaine Felca Beirigo Giannini<\/p>\n<p><img loading=\"lazy\" decoding=\"async\" class=\"alignnone size-full wp-image-49986\" src=\"https:\/\/jorgezanoni.com.br\/2019\/wp-content\/uploads\/2021\/06\/Guanaira-Yara-Bragatto.jpg\" alt=\"\" width=\"282\" height=\"282\" srcset=\"https:\/\/jorgezanoni.com.br\/2019\/wp-content\/uploads\/2021\/06\/Guanaira-Yara-Bragatto.jpg 282w, https:\/\/jorgezanoni.com.br\/2019\/wp-content\/uploads\/2021\/06\/Guanaira-Yara-Bragatto-150x150.jpg 150w\" sizes=\"auto, (max-width: 282px) 100vw, 282px\" \/>Guanaira Yara Bragatto<\/p>\n<p><img loading=\"lazy\" decoding=\"async\" class=\"alignnone size-full wp-image-49987\" src=\"https:\/\/jorgezanoni.com.br\/2019\/wp-content\/uploads\/2021\/06\/Jorge-Augusto-Bizi.jpg\" alt=\"\" width=\"958\" height=\"960\" srcset=\"https:\/\/jorgezanoni.com.br\/2019\/wp-content\/uploads\/2021\/06\/Jorge-Augusto-Bizi.jpg 958w, https:\/\/jorgezanoni.com.br\/2019\/wp-content\/uploads\/2021\/06\/Jorge-Augusto-Bizi-300x300.jpg 300w, https:\/\/jorgezanoni.com.br\/2019\/wp-content\/uploads\/2021\/06\/Jorge-Augusto-Bizi-150x150.jpg 150w, https:\/\/jorgezanoni.com.br\/2019\/wp-content\/uploads\/2021\/06\/Jorge-Augusto-Bizi-768x770.jpg 768w, https:\/\/jorgezanoni.com.br\/2019\/wp-content\/uploads\/2021\/06\/Jorge-Augusto-Bizi-696x697.jpg 696w, https:\/\/jorgezanoni.com.br\/2019\/wp-content\/uploads\/2021\/06\/Jorge-Augusto-Bizi-419x420.jpg 419w\" sizes=\"auto, (max-width: 958px) 100vw, 958px\" \/>Jorge Augusto Bizi<\/p>\n<p><img loading=\"lazy\" decoding=\"async\" class=\"alignnone size-full wp-image-50009\" src=\"https:\/\/jorgezanoni.com.br\/2019\/wp-content\/uploads\/2021\/06\/Jussara-Lia-Araujo-Silva-2.jpg\" alt=\"\" width=\"540\" height=\"542\" srcset=\"https:\/\/jorgezanoni.com.br\/2019\/wp-content\/uploads\/2021\/06\/Jussara-Lia-Araujo-Silva-2.jpg 540w, https:\/\/jorgezanoni.com.br\/2019\/wp-content\/uploads\/2021\/06\/Jussara-Lia-Araujo-Silva-2-300x300.jpg 300w, https:\/\/jorgezanoni.com.br\/2019\/wp-content\/uploads\/2021\/06\/Jussara-Lia-Araujo-Silva-2-150x150.jpg 150w, https:\/\/jorgezanoni.com.br\/2019\/wp-content\/uploads\/2021\/06\/Jussara-Lia-Araujo-Silva-2-418x420.jpg 418w\" sizes=\"auto, (max-width: 540px) 100vw, 540px\" \/>Jussara Lia Araujo Silva<\/p>\n<p><img loading=\"lazy\" decoding=\"async\" class=\"alignnone size-full wp-image-49988\" src=\"https:\/\/jorgezanoni.com.br\/2019\/wp-content\/uploads\/2021\/06\/Marcia-Honda-1-2.jpg\" alt=\"\" width=\"662\" height=\"695\" srcset=\"https:\/\/jorgezanoni.com.br\/2019\/wp-content\/uploads\/2021\/06\/Marcia-Honda-1-2.jpg 662w, https:\/\/jorgezanoni.com.br\/2019\/wp-content\/uploads\/2021\/06\/Marcia-Honda-1-2-286x300.jpg 286w, https:\/\/jorgezanoni.com.br\/2019\/wp-content\/uploads\/2021\/06\/Marcia-Honda-1-2-400x420.jpg 400w\" sizes=\"auto, (max-width: 662px) 100vw, 662px\" \/>M\u00e1rcia Honda<\/p>\n<p><img loading=\"lazy\" decoding=\"async\" class=\"alignnone size-full wp-image-49989\" src=\"https:\/\/jorgezanoni.com.br\/2019\/wp-content\/uploads\/2021\/06\/Nilza-Marcondes-C\u00e9sar-Sandrin.jpg\" alt=\"\" width=\"960\" height=\"960\" srcset=\"https:\/\/jorgezanoni.com.br\/2019\/wp-content\/uploads\/2021\/06\/Nilza-Marcondes-C\u00e9sar-Sandrin.jpg 960w, https:\/\/jorgezanoni.com.br\/2019\/wp-content\/uploads\/2021\/06\/Nilza-Marcondes-C\u00e9sar-Sandrin-300x300.jpg 300w, https:\/\/jorgezanoni.com.br\/2019\/wp-content\/uploads\/2021\/06\/Nilza-Marcondes-C\u00e9sar-Sandrin-150x150.jpg 150w, https:\/\/jorgezanoni.com.br\/2019\/wp-content\/uploads\/2021\/06\/Nilza-Marcondes-C\u00e9sar-Sandrin-768x768.jpg 768w, https:\/\/jorgezanoni.com.br\/2019\/wp-content\/uploads\/2021\/06\/Nilza-Marcondes-C\u00e9sar-Sandrin-696x696.jpg 696w, https:\/\/jorgezanoni.com.br\/2019\/wp-content\/uploads\/2021\/06\/Nilza-Marcondes-C\u00e9sar-Sandrin-420x420.jpg 420w\" sizes=\"auto, (max-width: 960px) 100vw, 960px\" \/>Nilza Marcondes C\u00e9sar Sandrin<\/p>\n<p><img loading=\"lazy\" decoding=\"async\" class=\"alignnone size-full wp-image-49990\" src=\"https:\/\/jorgezanoni.com.br\/2019\/wp-content\/uploads\/2021\/06\/Paula-Myamoto-Fantini-2.jpg\" alt=\"\" width=\"1013\" height=\"1016\" srcset=\"https:\/\/jorgezanoni.com.br\/2019\/wp-content\/uploads\/2021\/06\/Paula-Myamoto-Fantini-2.jpg 1013w, https:\/\/jorgezanoni.com.br\/2019\/wp-content\/uploads\/2021\/06\/Paula-Myamoto-Fantini-2-300x300.jpg 300w, https:\/\/jorgezanoni.com.br\/2019\/wp-content\/uploads\/2021\/06\/Paula-Myamoto-Fantini-2-150x150.jpg 150w, https:\/\/jorgezanoni.com.br\/2019\/wp-content\/uploads\/2021\/06\/Paula-Myamoto-Fantini-2-768x770.jpg 768w, https:\/\/jorgezanoni.com.br\/2019\/wp-content\/uploads\/2021\/06\/Paula-Myamoto-Fantini-2-696x698.jpg 696w, https:\/\/jorgezanoni.com.br\/2019\/wp-content\/uploads\/2021\/06\/Paula-Myamoto-Fantini-2-419x420.jpg 419w\" sizes=\"auto, (max-width: 1013px) 100vw, 1013px\" \/>Paula Myamoto Fantini<\/p>\n<p><img loading=\"lazy\" decoding=\"async\" class=\"alignnone size-full wp-image-49991\" src=\"https:\/\/jorgezanoni.com.br\/2019\/wp-content\/uploads\/2021\/06\/Rodolfo-Cantarim.jpg\" alt=\"\" width=\"293\" height=\"309\" srcset=\"https:\/\/jorgezanoni.com.br\/2019\/wp-content\/uploads\/2021\/06\/Rodolfo-Cantarim.jpg 293w, https:\/\/jorgezanoni.com.br\/2019\/wp-content\/uploads\/2021\/06\/Rodolfo-Cantarim-284x300.jpg 284w\" sizes=\"auto, (max-width: 293px) 100vw, 293px\" \/>Rodolfo Cantarin<\/p>\n<p><img loading=\"lazy\" decoding=\"async\" class=\"alignnone size-full wp-image-50027\" src=\"https:\/\/jorgezanoni.com.br\/2019\/wp-content\/uploads\/2021\/06\/Tatiana-Ferreira-de-Souza-2.jpg\" alt=\"\" width=\"651\" height=\"991\" srcset=\"https:\/\/jorgezanoni.com.br\/2019\/wp-content\/uploads\/2021\/06\/Tatiana-Ferreira-de-Souza-2.jpg 651w, https:\/\/jorgezanoni.com.br\/2019\/wp-content\/uploads\/2021\/06\/Tatiana-Ferreira-de-Souza-2-197x300.jpg 197w, https:\/\/jorgezanoni.com.br\/2019\/wp-content\/uploads\/2021\/06\/Tatiana-Ferreira-de-Souza-2-276x420.jpg 276w\" sizes=\"auto, (max-width: 651px) 100vw, 651px\" \/>Tatiana Ferreira de Souza<\/p>\n<p><img loading=\"lazy\" decoding=\"async\" class=\"alignnone size-full wp-image-49992\" src=\"https:\/\/jorgezanoni.com.br\/2019\/wp-content\/uploads\/2021\/06\/Telma-Carvalho.jpg\" alt=\"\" width=\"1080\" height=\"1350\" srcset=\"https:\/\/jorgezanoni.com.br\/2019\/wp-content\/uploads\/2021\/06\/Telma-Carvalho.jpg 1080w, https:\/\/jorgezanoni.com.br\/2019\/wp-content\/uploads\/2021\/06\/Telma-Carvalho-240x300.jpg 240w, https:\/\/jorgezanoni.com.br\/2019\/wp-content\/uploads\/2021\/06\/Telma-Carvalho-819x1024.jpg 819w, https:\/\/jorgezanoni.com.br\/2019\/wp-content\/uploads\/2021\/06\/Telma-Carvalho-768x960.jpg 768w, https:\/\/jorgezanoni.com.br\/2019\/wp-content\/uploads\/2021\/06\/Telma-Carvalho-696x870.jpg 696w, https:\/\/jorgezanoni.com.br\/2019\/wp-content\/uploads\/2021\/06\/Telma-Carvalho-1068x1335.jpg 1068w, https:\/\/jorgezanoni.com.br\/2019\/wp-content\/uploads\/2021\/06\/Telma-Carvalho-336x420.jpg 336w\" sizes=\"auto, (max-width: 1080px) 100vw, 1080px\" \/>Telma Carvalho<\/p>\n","protected":false},"excerpt":{"rendered":"<p>PARABENIZAMOS OS ANIVERSARIANTES DE HOJE: Claudete Fortes Cristiane Felca D\u00e9bora Susana Segura Elaine Felca Beirigo Giannini Guanaira Yara Bragatto Jorge Augusto Bizi Jussara Lia Araujo Silva M\u00e1rcia Honda Nilza Marcondes C\u00e9sar Sandrin Paula Myamoto Fantini Rodolfo Cantarin Tatiana Ferreira de Souza Telma Carvalho<\/p>\n","protected":false},"author":1,"featured_media":49992,"comment_status":"closed","ping_status":"open","sticky":false,"template":"","format":"standard","meta":{"footnotes":""},"categories":[174],"tags":[],"class_list":["post-49981","post","type-post","status-publish","format-standard","has-post-thumbnail","hentry","category-aniversariantes"],"_links":{"self":[{"href":"https:\/\/jorgezanoni.com.br\/2019\/wp-json\/wp\/v2\/posts\/49981","targetHints":{"allow":["GET"]}}],"collection":[{"href":"https:\/\/jorgezanoni.com.br\/2019\/wp-json\/wp\/v2\/posts"}],"about":[{"href":"https:\/\/jorgezanoni.com.br\/2019\/wp-json\/wp\/v2\/types\/post"}],"author":[{"embeddable":true,"href":"https:\/\/jorgezanoni.com.br\/2019\/wp-json\/wp\/v2\/users\/1"}],"replies":[{"embeddable":true,"href":"https:\/\/jorgezanoni.com.br\/2019\/wp-json\/wp\/v2\/comments?post=49981"}],"version-history":[{"count":0,"href":"https:\/\/jorgezanoni.com.br\/2019\/wp-json\/wp\/v2\/posts\/49981\/revisions"}],"wp:featuredmedia":[{"embeddable":true,"href":"https:\/\/jorgezanoni.com.br\/2019\/wp-json\/wp\/v2\/media\/49992"}],"wp:attachment":[{"href":"https:\/\/jorgezanoni.com.br\/2019\/wp-json\/wp\/v2\/media?parent=49981"}],"wp:term":[{"taxonomy":"category","embeddable":true,"href":"https:\/\/jorgezanoni.com.br\/2019\/wp-json\/wp\/v2\/categories?post=49981"},{"taxonomy":"post_tag","embeddable":true,"href":"https:\/\/jorgezanoni.com.br\/2019\/wp-json\/wp\/v2\/tags?post=49981"}],"curies":[{"name":"wp","href":"https:\/\/api.w.org\/{rel}","templated":true}]}}