{"id":49969,"date":"2021-06-26T18:08:14","date_gmt":"2021-06-26T18:08:14","guid":{"rendered":"https:\/\/jorgezanoni.com.br\/2019\/?p=49969"},"modified":"2021-06-26T18:08:14","modified_gmt":"2021-06-26T18:08:14","slug":"vacinacao-segunda-feira-vacina-covid-para-41-anos-ou-mais-em-dracena","status":"publish","type":"post","link":"https:\/\/jorgezanoni.com.br\/2019\/vacinacao-segunda-feira-vacina-covid-para-41-anos-ou-mais-em-dracena\/","title":{"rendered":"VACINA\u00c7\u00c3O: Segunda-feira Vacina COVID para 41 anos ou mais em Dracena"},"content":{"rendered":"<div class=\"kvgmc6g5 cxmmr5t8 oygrvhab hcukyx3x c1et5uql ii04i59q\">\n<div dir=\"auto\">VACINA COVID 19<\/div>\n<div dir=\"auto\">Segunda, 28, para 41 anos ou mais<\/div>\n<\/div>\n<div class=\"o9v6fnle cxmmr5t8 oygrvhab hcukyx3x c1et5uql ii04i59q\">\n<div dir=\"auto\">Postos:<\/div>\n<div dir=\"auto\">CEP\/UME 8h \u00e0s 13h<\/div>\n<div dir=\"auto\">JO\u00c3O VENDRAMINI 8h \u00e0s 12h<\/div>\n<\/div>\n<div class=\"o9v6fnle cxmmr5t8 oygrvhab hcukyx3x c1et5uql ii04i59q\">\n<div dir=\"auto\">Se voc\u00ea tem mais de 18 anos fa\u00e7a o seu cadastro no site do Governo do Estado <a class=\"oajrlxb2 g5ia77u1 qu0x051f esr5mh6w e9989ue4 r7d6kgcz rq0escxv nhd2j8a9 nc684nl6 p7hjln8o kvgmc6g5 cxmmr5t8 oygrvhab hcukyx3x jb3vyjys rz4wbd8a qt6c0cv9 a8nywdso i1ao9s8h esuyzwwr f1sip0of lzcic4wl py34i1dx gpro0wi8\" tabindex=\"0\" role=\"link\" href=\"https:\/\/vacinaja.sp.gov.br\/?fbclid=IwAR0Jeoaw9aSWHAnhXjYHpNGQ-chTnxzAsm8UlHemb5-BBaXCYCkpwOxj2_o\" target=\"_blank\" rel=\"nofollow noopener noreferrer\">https:\/\/vacinaja.sp.gov.br\/<\/a><\/div>\n<div dir=\"auto\"><\/div>\n<\/div>\n<div dir=\"auto\">Fonte: Diretoria de Comunica\u00e7\u00e3o<\/div>\n","protected":false},"excerpt":{"rendered":"<p>VACINA COVID 19 Segunda, 28, para 41 anos ou mais Postos: CEP\/UME 8h \u00e0s 13h JO\u00c3O VENDRAMINI 8h \u00e0s 12h Se voc\u00ea tem mais de 18 anos fa\u00e7a o seu cadastro no site do Governo do Estado https:\/\/vacinaja.sp.gov.br\/ Fonte: Diretoria de Comunica\u00e7\u00e3o<\/p>\n","protected":false},"author":1,"featured_media":49970,"comment_status":"closed","ping_status":"open","sticky":false,"template":"","format":"standard","meta":{"footnotes":""},"categories":[179,184,110],"tags":[],"class_list":["post-49969","post","type-post","status-publish","format-standard","has-post-thumbnail","hentry","category-cidadeseregiao","category-dracena","category-noticiasdestaque"],"_links":{"self":[{"href":"https:\/\/jorgezanoni.com.br\/2019\/wp-json\/wp\/v2\/posts\/49969","targetHints":{"allow":["GET"]}}],"collection":[{"href":"https:\/\/jorgezanoni.com.br\/2019\/wp-json\/wp\/v2\/posts"}],"about":[{"href":"https:\/\/jorgezanoni.com.br\/2019\/wp-json\/wp\/v2\/types\/post"}],"author":[{"embeddable":true,"href":"https:\/\/jorgezanoni.com.br\/2019\/wp-json\/wp\/v2\/users\/1"}],"replies":[{"embeddable":true,"href":"https:\/\/jorgezanoni.com.br\/2019\/wp-json\/wp\/v2\/comments?post=49969"}],"version-history":[{"count":0,"href":"https:\/\/jorgezanoni.com.br\/2019\/wp-json\/wp\/v2\/posts\/49969\/revisions"}],"wp:featuredmedia":[{"embeddable":true,"href":"https:\/\/jorgezanoni.com.br\/2019\/wp-json\/wp\/v2\/media\/49970"}],"wp:attachment":[{"href":"https:\/\/jorgezanoni.com.br\/2019\/wp-json\/wp\/v2\/media?parent=49969"}],"wp:term":[{"taxonomy":"category","embeddable":true,"href":"https:\/\/jorgezanoni.com.br\/2019\/wp-json\/wp\/v2\/categories?post=49969"},{"taxonomy":"post_tag","embeddable":true,"href":"https:\/\/jorgezanoni.com.br\/2019\/wp-json\/wp\/v2\/tags?post=49969"}],"curies":[{"name":"wp","href":"https:\/\/api.w.org\/{rel}","templated":true}]}}