{"id":49904,"date":"2021-06-25T21:23:46","date_gmt":"2021-06-25T21:23:46","guid":{"rendered":"https:\/\/jorgezanoni.com.br\/2019\/?p=49904"},"modified":"2021-06-25T21:23:46","modified_gmt":"2021-06-25T21:23:46","slug":"artista-dracenense-homenageia-profissionais-da-saude","status":"publish","type":"post","link":"https:\/\/jorgezanoni.com.br\/2019\/artista-dracenense-homenageia-profissionais-da-saude\/","title":{"rendered":"Artista dracenense homenageia profissionais da sa\u00fade"},"content":{"rendered":"<div class=\"ntc_resumo_noticia sw_lato_bold\" style=\"text-align: justify;\">Usando a t\u00e9cnica grafitti, a pintura de Guilherme de Luca Fuchs deu outro ar a quem passa em frente ao pa\u00e7o municipal<\/div>\n<div class=\"ntc_descricao_noticia\">\n<div class=\"ntc_cont_descricao_noticia sw_txteditor\">\n<div style=\"text-align: justify;\">Neste final desta sexta-feira, 25, o artista dracenense Guilherme de Luca Fuchs trabalhou\u00a0em uma linda pintura usando a t\u00e9cnica &#8216;grafitti&#8217;, em um muro ao lado do pa\u00e7o municipal na Avenida Jos\u00e9 Bonif\u00e1cio.<br \/>\nGuilherme desenvolve\u00a0a arte do &#8216;grafitti&#8217; desde 2005. Ele fez essa doa\u00e7\u00e3o ao munic\u00edpio em homenagem aos profissionais de Sa\u00fade utilizando cores vivas, deixando a esperan\u00e7a de que dias melhores vir\u00e3o e que estamos vencendo a luta contra a covid 19.<br \/>\nO prefeito Andr\u00e9 Lemos agradeceu ao Guilherme pela iniciativa, assim como o secret\u00e1rio de Cultura Douglas Carvalho.<\/div>\n<div style=\"text-align: justify;\"><\/div>\n<\/div>\n<\/div>\n<div><img loading=\"lazy\" decoding=\"async\" class=\"alignnone size-full wp-image-49906\" src=\"https:\/\/jorgezanoni.com.br\/2019\/wp-content\/uploads\/2021\/06\/arti1.jpg\" alt=\"\" width=\"800\" height=\"450\" srcset=\"https:\/\/jorgezanoni.com.br\/2019\/wp-content\/uploads\/2021\/06\/arti1.jpg 800w, https:\/\/jorgezanoni.com.br\/2019\/wp-content\/uploads\/2021\/06\/arti1-300x169.jpg 300w, https:\/\/jorgezanoni.com.br\/2019\/wp-content\/uploads\/2021\/06\/arti1-768x432.jpg 768w, https:\/\/jorgezanoni.com.br\/2019\/wp-content\/uploads\/2021\/06\/arti1-696x392.jpg 696w, https:\/\/jorgezanoni.com.br\/2019\/wp-content\/uploads\/2021\/06\/arti1-747x420.jpg 747w\" sizes=\"auto, (max-width: 800px) 100vw, 800px\" \/> <img loading=\"lazy\" decoding=\"async\" class=\"alignnone size-full wp-image-49907\" src=\"https:\/\/jorgezanoni.com.br\/2019\/wp-content\/uploads\/2021\/06\/arti2.jpg\" alt=\"\" width=\"800\" height=\"450\" srcset=\"https:\/\/jorgezanoni.com.br\/2019\/wp-content\/uploads\/2021\/06\/arti2.jpg 800w, https:\/\/jorgezanoni.com.br\/2019\/wp-content\/uploads\/2021\/06\/arti2-300x169.jpg 300w, https:\/\/jorgezanoni.com.br\/2019\/wp-content\/uploads\/2021\/06\/arti2-768x432.jpg 768w, https:\/\/jorgezanoni.com.br\/2019\/wp-content\/uploads\/2021\/06\/arti2-696x392.jpg 696w, https:\/\/jorgezanoni.com.br\/2019\/wp-content\/uploads\/2021\/06\/arti2-747x420.jpg 747w\" sizes=\"auto, (max-width: 800px) 100vw, 800px\" \/><\/div>\n<div class=\"ntc_descricao_noticia\">\n<div class=\"ntc_cont_descricao_noticia sw_txteditor\">\n<div style=\"text-align: justify;\">Fonte: Diretoria de Comunica\u00e7\u00e3o<\/div>\n<\/div>\n<\/div>\n","protected":false},"excerpt":{"rendered":"<p>Usando a t\u00e9cnica grafitti, a pintura de Guilherme de Luca Fuchs deu outro ar a quem passa em frente ao pa\u00e7o municipal Neste final desta sexta-feira, 25, o artista dracenense Guilherme de Luca Fuchs trabalhou\u00a0em uma linda pintura usando a t\u00e9cnica &#8216;grafitti&#8217;, em um muro ao lado do pa\u00e7o municipal na Avenida Jos\u00e9 Bonif\u00e1cio. Guilherme [&hellip;]<\/p>\n","protected":false},"author":1,"featured_media":49905,"comment_status":"closed","ping_status":"open","sticky":false,"template":"","format":"standard","meta":{"footnotes":""},"categories":[179,184,110],"tags":[],"class_list":["post-49904","post","type-post","status-publish","format-standard","has-post-thumbnail","hentry","category-cidadeseregiao","category-dracena","category-noticiasdestaque"],"_links":{"self":[{"href":"https:\/\/jorgezanoni.com.br\/2019\/wp-json\/wp\/v2\/posts\/49904","targetHints":{"allow":["GET"]}}],"collection":[{"href":"https:\/\/jorgezanoni.com.br\/2019\/wp-json\/wp\/v2\/posts"}],"about":[{"href":"https:\/\/jorgezanoni.com.br\/2019\/wp-json\/wp\/v2\/types\/post"}],"author":[{"embeddable":true,"href":"https:\/\/jorgezanoni.com.br\/2019\/wp-json\/wp\/v2\/users\/1"}],"replies":[{"embeddable":true,"href":"https:\/\/jorgezanoni.com.br\/2019\/wp-json\/wp\/v2\/comments?post=49904"}],"version-history":[{"count":0,"href":"https:\/\/jorgezanoni.com.br\/2019\/wp-json\/wp\/v2\/posts\/49904\/revisions"}],"wp:featuredmedia":[{"embeddable":true,"href":"https:\/\/jorgezanoni.com.br\/2019\/wp-json\/wp\/v2\/media\/49905"}],"wp:attachment":[{"href":"https:\/\/jorgezanoni.com.br\/2019\/wp-json\/wp\/v2\/media?parent=49904"}],"wp:term":[{"taxonomy":"category","embeddable":true,"href":"https:\/\/jorgezanoni.com.br\/2019\/wp-json\/wp\/v2\/categories?post=49904"},{"taxonomy":"post_tag","embeddable":true,"href":"https:\/\/jorgezanoni.com.br\/2019\/wp-json\/wp\/v2\/tags?post=49904"}],"curies":[{"name":"wp","href":"https:\/\/api.w.org\/{rel}","templated":true}]}}