{"id":49898,"date":"2021-06-25T17:11:20","date_gmt":"2021-06-25T17:11:20","guid":{"rendered":"https:\/\/jorgezanoni.com.br\/2019\/?p=49898"},"modified":"2021-06-25T17:11:20","modified_gmt":"2021-06-25T17:11:20","slug":"policia-militar-ocorrencias-registradas-nas-ultimas-horas-no-25o-bpm-i-dracena","status":"publish","type":"post","link":"https:\/\/jorgezanoni.com.br\/2019\/policia-militar-ocorrencias-registradas-nas-ultimas-horas-no-25o-bpm-i-dracena\/","title":{"rendered":"POL\u00cdCIA MILITAR: Ocorr\u00eancias registradas nas \u00faltimas horas no 25\u00ba BPM\/I Dracena"},"content":{"rendered":"<p style=\"text-align: justify;\">POL\u00cdCIA MILITAR PRENDE HOMEM POR FURTO DE BICICLETA E RECEPTA\u00c7\u00c3O EM JUNQUEIR\u00d3POLIS<\/p>\n<p style=\"text-align: justify;\">DATA: 241526JUN21\u00a0Local: BAIRRO JD. AM\u00c9RICA<\/p>\n<p style=\"text-align: justify;\">INDICIADOS: MASCULINO DE 18 ANOS E MASCULINO DE 35 ANOS.<\/p>\n<p style=\"text-align: justify;\">NA DATA DS HOJE GUARNI\u00c7\u00c3O EM PATRULHAMENTO PELO BAIRRO JD DAS AM\u00c9RICAS, MOMENTO QUE A V\u00cdTIMA SOLICITOU DIRETAMENTE A EQUIPE INFORMANDO QUE HAVIA SIDO FURTADA SUA BICICLETA DE MARCA SUNDOWN MODELO MONTAIN BIKE DE CORES ROXA E BRANCA E ATRAV\u00c9S DAS IMAGENS DO SISTEMA DE C\u00c2MERAS DE SUA RESID\u00caNCIA FOI POSS\u00cdVEL A IDENTIFICA\u00c7\u00c3O POR PARTE DESTA GUARNI\u00c7\u00c3O DO SUSPEITO PELA PR\u00c1TICA DO FURTO. FOI REALIZADA DILIG\u00caNCIAS COM O APOIO DE OUTRA EQUIPE POLICIAL E SENDO LOCALIZADO DEFRONTE A SUA RESID\u00caNCIA O AUTOR DO FURTO, ONDE INDAGADO CONFESSOU A PR\u00c1TICA DO FURTO DA BICICLETA QUE FOI FURTADA E INDAGADO O RECEPTADOR, INFORMOU QUE COMPROU A BICICLETA DO AUTOR DO FURTO PAGANDO A QUANTIA DE QUARENTA REAIS. DIANTE DOS FATOS FOI DADA VOZ DE PRIS\u00c3O SENDO UM DELES PRESO PELA PR\u00c1TICA DE FURTO E O OUTRO RECEPTA\u00c7\u00c3O PERMANECENDO AMBOS \u00c0 DISPOSI\u00c7\u00c3O DA JUSTI\u00c7A.<\/p>\n<p style=\"text-align: justify;\"><img loading=\"lazy\" decoding=\"async\" class=\"alignnone size-full wp-image-49899\" src=\"https:\/\/jorgezanoni.com.br\/2019\/wp-content\/uploads\/2021\/06\/foto1.jpg\" alt=\"\" width=\"984\" height=\"924\" srcset=\"https:\/\/jorgezanoni.com.br\/2019\/wp-content\/uploads\/2021\/06\/foto1.jpg 984w, https:\/\/jorgezanoni.com.br\/2019\/wp-content\/uploads\/2021\/06\/foto1-300x282.jpg 300w, https:\/\/jorgezanoni.com.br\/2019\/wp-content\/uploads\/2021\/06\/foto1-768x721.jpg 768w, https:\/\/jorgezanoni.com.br\/2019\/wp-content\/uploads\/2021\/06\/foto1-696x654.jpg 696w, https:\/\/jorgezanoni.com.br\/2019\/wp-content\/uploads\/2021\/06\/foto1-447x420.jpg 447w\" sizes=\"auto, (max-width: 984px) 100vw, 984px\" \/><\/p>\n<p style=\"text-align: justify;\">POLICIA MILITAR PRENDE DOIS HOMENS POR TR\u00c1FICO DE DROGAS EM PAULIC\u00c9IA<\/p>\n<p style=\"text-align: justify;\">HR: 20:30<br \/>\nCIDADE: PAULIC\u00c9IA (BR 158, KM 2).<br \/>\nAUTOR 01: INDIV\u00cdDUO MASCULINO DE 22 ANOS;<br \/>\nAUTOR 02: INDIV\u00cdDUO MASCULINO DE 26 ANOS.<\/p>\n<p style=\"text-align: justify;\">APREENS\u00d5ES:<br \/>\n&#8211; 02 POR\u00c7\u00d5ES DE COCAINA (0,105 KG); &#8211; DINHEIRO R$ 304,00.<br \/>\n&#8211; MOTOCICLETA HONDA BIZ COR AZUL PANORAMA\/SP.<\/p>\n<p style=\"text-align: justify;\">DURANTE OPERA\u00c7\u00c3O PELO MUNIC\u00cdPIO DE PAULIC\u00c9IA AVISTADO UMA MOTOCICLETA HONDA BIZ COR AZUL COM DOIS OCUPANTES QUE AO NOTAREM A PRESEN\u00c7A POLICIAL O PASSAGEIRO ARREMESSOU DOIS INV\u00d3LUCROS NA COR BRANCA. ABORDADOS E RECOLHIDO OS INV\u00d3LUCROS, SENDO QUE NO SEU INTERIOR CONTINHA UMA SUBST\u00c2NCIA NA COR BRANCA APARENTANDO SER COCA\u00cdNA. FOI DADO VOZ DE PRIS\u00c3O EM FLAGRANTE DE TR\u00c1FICO DE DROGAS, PERMANECENDO AMBOS PRESOS A DISPOSI\u00c7\u00c3O DA JUSTI\u00c7A.<\/p>\n<p style=\"text-align: justify;\"><img loading=\"lazy\" decoding=\"async\" class=\"alignnone size-full wp-image-49900\" src=\"https:\/\/jorgezanoni.com.br\/2019\/wp-content\/uploads\/2021\/06\/foto2.jpg\" alt=\"\" width=\"520\" height=\"1156\" srcset=\"https:\/\/jorgezanoni.com.br\/2019\/wp-content\/uploads\/2021\/06\/foto2.jpg 520w, https:\/\/jorgezanoni.com.br\/2019\/wp-content\/uploads\/2021\/06\/foto2-135x300.jpg 135w, https:\/\/jorgezanoni.com.br\/2019\/wp-content\/uploads\/2021\/06\/foto2-461x1024.jpg 461w, https:\/\/jorgezanoni.com.br\/2019\/wp-content\/uploads\/2021\/06\/foto2-189x420.jpg 189w\" sizes=\"auto, (max-width: 520px) 100vw, 520px\" \/><\/p>\n<p style=\"text-align: justify;\">POLICIA MILITAR PRENDE HOMEM POR VIOL\u00caNCIA DOM\u00c9STICA EM JUNQUEIR\u00d3POLIS<\/p>\n<p style=\"text-align: justify;\">DATA: 242220JUN21\u00a0BAIRRO: JARDIM PAULISTA JUNQUEIR\u00d3POLIS<\/p>\n<p style=\"text-align: justify;\">AUTOR: MASCULINO DE 35 ANOS. V\u00cdTIMA: FEMININO DE 33 ANOS.<\/p>\n<p style=\"text-align: justify;\">HIST\u00d3RICO:<\/p>\n<p style=\"text-align: justify;\">EQUIPE FOI ACIONADA VIA COPOM E EM CONTATO COM A V\u00cdTIMA QUE ESTAVA DEFRONTE A DELEGACIA DE POL\u00cdCIA, ESTA INFORMOU QUE FOI AGREDIDA PELO SEU MARIDO COM SOCOS E CHUTES NA FACE E NA CABE\u00c7A. A V\u00cdTIMA FOI ENCAMINHADA AO PRONTO-SOCORRO MUNICIPAL PELA AMBUL\u00c2NCIA E EM DILIG\u00caNCIA PELA RESID\u00caNCIA DA V\u00cdTIMA FOI LOCALIZADO O AUTOR, QUE CONFESSOU A AGRESS\u00c3O. FOI DADA VOZ DE PRIS\u00c3O EM FLAGRANTE DELITO FICANDO O AUTOR \u00c0 DISPOSI\u00c7\u00c3O DA JUSTI\u00c7A.<\/p>\n<p style=\"text-align: justify;\">Fonte: Com. Social Pol\u00edcia Militar<\/p>\n","protected":false},"excerpt":{"rendered":"<p>POL\u00cdCIA MILITAR PRENDE HOMEM POR FURTO DE BICICLETA E RECEPTA\u00c7\u00c3O EM JUNQUEIR\u00d3POLIS DATA: 241526JUN21\u00a0Local: BAIRRO JD. AM\u00c9RICA INDICIADOS: MASCULINO DE 18 ANOS E MASCULINO DE 35 ANOS. NA DATA DS HOJE GUARNI\u00c7\u00c3O EM PATRULHAMENTO PELO BAIRRO JD DAS AM\u00c9RICAS, MOMENTO QUE A V\u00cdTIMA SOLICITOU DIRETAMENTE A EQUIPE INFORMANDO QUE HAVIA SIDO FURTADA SUA BICICLETA DE [&hellip;]<\/p>\n","protected":false},"author":1,"featured_media":49901,"comment_status":"closed","ping_status":"open","sticky":false,"template":"","format":"standard","meta":{"footnotes":""},"categories":[110,2],"tags":[],"class_list":["post-49898","post","type-post","status-publish","format-standard","has-post-thumbnail","hentry","category-noticiasdestaque","category-policial"],"_links":{"self":[{"href":"https:\/\/jorgezanoni.com.br\/2019\/wp-json\/wp\/v2\/posts\/49898","targetHints":{"allow":["GET"]}}],"collection":[{"href":"https:\/\/jorgezanoni.com.br\/2019\/wp-json\/wp\/v2\/posts"}],"about":[{"href":"https:\/\/jorgezanoni.com.br\/2019\/wp-json\/wp\/v2\/types\/post"}],"author":[{"embeddable":true,"href":"https:\/\/jorgezanoni.com.br\/2019\/wp-json\/wp\/v2\/users\/1"}],"replies":[{"embeddable":true,"href":"https:\/\/jorgezanoni.com.br\/2019\/wp-json\/wp\/v2\/comments?post=49898"}],"version-history":[{"count":0,"href":"https:\/\/jorgezanoni.com.br\/2019\/wp-json\/wp\/v2\/posts\/49898\/revisions"}],"wp:featuredmedia":[{"embeddable":true,"href":"https:\/\/jorgezanoni.com.br\/2019\/wp-json\/wp\/v2\/media\/49901"}],"wp:attachment":[{"href":"https:\/\/jorgezanoni.com.br\/2019\/wp-json\/wp\/v2\/media?parent=49898"}],"wp:term":[{"taxonomy":"category","embeddable":true,"href":"https:\/\/jorgezanoni.com.br\/2019\/wp-json\/wp\/v2\/categories?post=49898"},{"taxonomy":"post_tag","embeddable":true,"href":"https:\/\/jorgezanoni.com.br\/2019\/wp-json\/wp\/v2\/tags?post=49898"}],"curies":[{"name":"wp","href":"https:\/\/api.w.org\/{rel}","templated":true}]}}