{"id":49871,"date":"2021-06-25T02:18:11","date_gmt":"2021-06-25T02:18:11","guid":{"rendered":"https:\/\/jorgezanoni.com.br\/2019\/?p=49871"},"modified":"2021-06-25T02:18:11","modified_gmt":"2021-06-25T02:18:11","slug":"policia-civil-prende-suspeito-de-usar-loja-de-conveniencia-como-fachada-para-o-trafico-de-drogas-em-junqueiropolis","status":"publish","type":"post","link":"https:\/\/jorgezanoni.com.br\/2019\/policia-civil-prende-suspeito-de-usar-loja-de-conveniencia-como-fachada-para-o-trafico-de-drogas-em-junqueiropolis\/","title":{"rendered":"Pol\u00edcia Civil prende suspeito de usar loja de conveni\u00eancia como fachada para o tr\u00e1fico de drogas em Junqueir\u00f3polis"},"content":{"rendered":"<p style=\"text-align: justify;\"><strong>A a\u00e7\u00e3o policial resultou na apreens\u00e3o de uma por\u00e7\u00e3o de maconha e um aparelho celular.<\/strong><\/p>\n<p style=\"text-align: justify;\">A Pol\u00edcia Civil, por interm\u00e9dio da Delegacia de Pol\u00edcia de Junqueir\u00f3polis, prendeu em flagrante nesta quinta-feira (24), o dono de uma loja de conveni\u00eancia localizada na regi\u00e3o central de Junqueir\u00f3polis.<br \/>\nO suspeito, de 23 anos, estava sendo investigado em raz\u00e3o de informa\u00e7\u00e3o que davam conta de que ele estava se valendo do ponto comercial para vender entorpecentes. Foi ent\u00e3o solicitado ao ju\u00edzo da Comarca de Junqueir\u00f3polis um mandado de busca e apreens\u00e3o para o local.<br \/>\nDurante o cumprimento da ordem judicial, o suspeito informou que no estabelecimento comercial n\u00e3o haveria nada de il\u00edcito, porem confessou que possu\u00eda drogas em sua resid\u00eancia.<br \/>\nA droga foi apreendida e o homem autuado em flagrante pelo crime de tr\u00e1fico de drogas, sendo posterior encaminhado a uma unidade prisional, ficando \u00e0 disposi\u00e7\u00e3o da Justi\u00e7a. A\u00e7\u00e3o policial ocorreu no \u00e2mbito da Opera\u00e7\u00e3o Narco Brasil.<\/p>\n<p style=\"text-align: justify;\">Fonte: Com. Social Pol\u00edcia Civil<\/p>\n","protected":false},"excerpt":{"rendered":"<p>A a\u00e7\u00e3o policial resultou na apreens\u00e3o de uma por\u00e7\u00e3o de maconha e um aparelho celular. A Pol\u00edcia Civil, por interm\u00e9dio da Delegacia de Pol\u00edcia de Junqueir\u00f3polis, prendeu em flagrante nesta quinta-feira (24), o dono de uma loja de conveni\u00eancia localizada na regi\u00e3o central de Junqueir\u00f3polis. O suspeito, de 23 anos, estava sendo investigado em raz\u00e3o [&hellip;]<\/p>\n","protected":false},"author":1,"featured_media":49872,"comment_status":"closed","ping_status":"open","sticky":false,"template":"","format":"standard","meta":{"footnotes":""},"categories":[110,2],"tags":[],"class_list":["post-49871","post","type-post","status-publish","format-standard","has-post-thumbnail","hentry","category-noticiasdestaque","category-policial"],"_links":{"self":[{"href":"https:\/\/jorgezanoni.com.br\/2019\/wp-json\/wp\/v2\/posts\/49871","targetHints":{"allow":["GET"]}}],"collection":[{"href":"https:\/\/jorgezanoni.com.br\/2019\/wp-json\/wp\/v2\/posts"}],"about":[{"href":"https:\/\/jorgezanoni.com.br\/2019\/wp-json\/wp\/v2\/types\/post"}],"author":[{"embeddable":true,"href":"https:\/\/jorgezanoni.com.br\/2019\/wp-json\/wp\/v2\/users\/1"}],"replies":[{"embeddable":true,"href":"https:\/\/jorgezanoni.com.br\/2019\/wp-json\/wp\/v2\/comments?post=49871"}],"version-history":[{"count":0,"href":"https:\/\/jorgezanoni.com.br\/2019\/wp-json\/wp\/v2\/posts\/49871\/revisions"}],"wp:featuredmedia":[{"embeddable":true,"href":"https:\/\/jorgezanoni.com.br\/2019\/wp-json\/wp\/v2\/media\/49872"}],"wp:attachment":[{"href":"https:\/\/jorgezanoni.com.br\/2019\/wp-json\/wp\/v2\/media?parent=49871"}],"wp:term":[{"taxonomy":"category","embeddable":true,"href":"https:\/\/jorgezanoni.com.br\/2019\/wp-json\/wp\/v2\/categories?post=49871"},{"taxonomy":"post_tag","embeddable":true,"href":"https:\/\/jorgezanoni.com.br\/2019\/wp-json\/wp\/v2\/tags?post=49871"}],"curies":[{"name":"wp","href":"https:\/\/api.w.org\/{rel}","templated":true}]}}