{"id":49867,"date":"2021-06-25T02:09:20","date_gmt":"2021-06-25T02:09:20","guid":{"rendered":"https:\/\/jorgezanoni.com.br\/2019\/?p=49867"},"modified":"2021-06-25T02:09:20","modified_gmt":"2021-06-25T02:09:20","slug":"como-acontece-um-trauma-por-cidinha-pascoaloto","status":"publish","type":"post","link":"https:\/\/jorgezanoni.com.br\/2019\/como-acontece-um-trauma-por-cidinha-pascoaloto\/","title":{"rendered":"Como acontece um trauma?  (por Cidinha Pascoaloto)"},"content":{"rendered":"<p style=\"text-align: justify;\">Quando passamos por uma experi\u00eancia\u00a0dolorosa, ficamos com trauma na mem\u00f3ria. As lembran\u00e7as desse trauma se apresentam\u00a0pela soma de emo\u00e7\u00f5es, imagens, sons, sonhos\u00a0e\u00a0todos os sentimentos vivenciados a partir do momento que aconteceu o trauma.<\/p>\n<p style=\"text-align: justify;\">\u00a0Um trauma envolve morte, ferimento grave, amea\u00e7a \u00e0 integridade f\u00edsica, mudan\u00e7as dr\u00e1sticas de vida, passar por uma situa\u00e7\u00e3o muito ruim de degrada\u00e7\u00e3o moral ou experiencias negativas.<\/p>\n<p style=\"text-align: justify;\">Mesmo com o passar do tempo, as sensa\u00e7\u00f5es experimentadas ficam retidas na mente, diante de qualquer sinal que relacione com esse fato traum\u00e1tico, a pessoa revive a ang\u00fastia e o sofrimento, como se aquilo estivesse acontecendo novamente.<\/p>\n<p style=\"text-align: justify;\">As lembran\u00e7as podem disparar gatilhos angustiantes e levar a pessoa ter a sensa\u00e7\u00e3o de voltar as experiencias dolorosas.<\/p>\n<p style=\"text-align: justify;\">Assim, os traumas podem ser entendidos como uma condi\u00e7\u00e3o desfavor\u00e1vel ao controle das emo\u00e7\u00f5es, pois podem resultar em altera\u00e7\u00f5es comportamentais e refletir negativamente no modo de pensar e de agir.<\/p>\n<p style=\"text-align: justify;\">Um acontecimento s\u00f3 deve ser considerado traum\u00e1tico quando representa uma amea\u00e7a para a vida ou seguran\u00e7a de uma pessoa e ultrapassa em intensidade as ocorr\u00eancias comuns, deixa usualmente o indiv\u00edduo desesperado e sem saber como agir.<\/p>\n<p style=\"text-align: justify;\">Para compreender o acontecimento traum\u00e1tico \u00e9 preciso conhecer n\u00e3o s\u00f3 o acontecimento em si que ocasionou o trauma, como tamb\u00e9m quais as modifica\u00e7\u00f5es internas que ocorreram no indiv\u00edduo.<\/p>\n<p style=\"text-align: justify;\">Considera-se traum\u00e1tico um evento que provoca no indiv\u00edduo a sensa\u00e7\u00e3o de incapacidade para responder ao tamanho desse acontecimento.<\/p>\n<p style=\"text-align: justify;\">Ao tratar de traumas psicol\u00f3gicos, o psic\u00f3logo deve levar sempre em conta que cada pessoa reage de uma forma diferente frente \u00e0s experi\u00eancias positivas e negativas.<\/p>\n<p style=\"text-align: justify;\">Traumas psicol\u00f3gicos s\u00e3o\u00a0<a href=\"https:\/\/blog.psicologiaviva.com.br\/blog\/equilibrio-emocional\/\">sequelas emocionais<\/a>, deixadas por uma experi\u00eancia que causou imensa dor e sofrimento ao traumatizado.<\/p>\n<p><img loading=\"lazy\" decoding=\"async\" class=\"alignnone size-full wp-image-49868\" src=\"https:\/\/jorgezanoni.com.br\/2019\/wp-content\/uploads\/2021\/06\/Cidinha-1-2-3.jpg\" alt=\"\" width=\"612\" height=\"1136\" srcset=\"https:\/\/jorgezanoni.com.br\/2019\/wp-content\/uploads\/2021\/06\/Cidinha-1-2-3.jpg 612w, https:\/\/jorgezanoni.com.br\/2019\/wp-content\/uploads\/2021\/06\/Cidinha-1-2-3-162x300.jpg 162w, https:\/\/jorgezanoni.com.br\/2019\/wp-content\/uploads\/2021\/06\/Cidinha-1-2-3-552x1024.jpg 552w, https:\/\/jorgezanoni.com.br\/2019\/wp-content\/uploads\/2021\/06\/Cidinha-1-2-3-226x420.jpg 226w\" sizes=\"auto, (max-width: 612px) 100vw, 612px\" \/><\/p>\n<p style=\"text-align: justify;\">Cidinha Pascoaloto-Psic\u00f3loga-CRP 06\/158174. Terapia Cognitivo Comportamental (TCC) com foco no Luto, Depress\u00e3o e Ansiedade Atendimento presencial e on-line, contato: (18) 99725-6418<\/p>\n<p>&nbsp;<\/p>\n","protected":false},"excerpt":{"rendered":"<p>Quando passamos por uma experi\u00eancia\u00a0dolorosa, ficamos com trauma na mem\u00f3ria. As lembran\u00e7as desse trauma se apresentam\u00a0pela soma de emo\u00e7\u00f5es, imagens, sons, sonhos\u00a0e\u00a0todos os sentimentos vivenciados a partir do momento que aconteceu o trauma. \u00a0Um trauma envolve morte, ferimento grave, amea\u00e7a \u00e0 integridade f\u00edsica, mudan\u00e7as dr\u00e1sticas de vida, passar por uma situa\u00e7\u00e3o muito ruim de degrada\u00e7\u00e3o [&hellip;]<\/p>\n","protected":false},"author":1,"featured_media":49869,"comment_status":"closed","ping_status":"open","sticky":false,"template":"","format":"standard","meta":{"footnotes":""},"categories":[175],"tags":[],"class_list":["post-49867","post","type-post","status-publish","format-standard","has-post-thumbnail","hentry","category-artigos"],"_links":{"self":[{"href":"https:\/\/jorgezanoni.com.br\/2019\/wp-json\/wp\/v2\/posts\/49867","targetHints":{"allow":["GET"]}}],"collection":[{"href":"https:\/\/jorgezanoni.com.br\/2019\/wp-json\/wp\/v2\/posts"}],"about":[{"href":"https:\/\/jorgezanoni.com.br\/2019\/wp-json\/wp\/v2\/types\/post"}],"author":[{"embeddable":true,"href":"https:\/\/jorgezanoni.com.br\/2019\/wp-json\/wp\/v2\/users\/1"}],"replies":[{"embeddable":true,"href":"https:\/\/jorgezanoni.com.br\/2019\/wp-json\/wp\/v2\/comments?post=49867"}],"version-history":[{"count":0,"href":"https:\/\/jorgezanoni.com.br\/2019\/wp-json\/wp\/v2\/posts\/49867\/revisions"}],"wp:featuredmedia":[{"embeddable":true,"href":"https:\/\/jorgezanoni.com.br\/2019\/wp-json\/wp\/v2\/media\/49869"}],"wp:attachment":[{"href":"https:\/\/jorgezanoni.com.br\/2019\/wp-json\/wp\/v2\/media?parent=49867"}],"wp:term":[{"taxonomy":"category","embeddable":true,"href":"https:\/\/jorgezanoni.com.br\/2019\/wp-json\/wp\/v2\/categories?post=49867"},{"taxonomy":"post_tag","embeddable":true,"href":"https:\/\/jorgezanoni.com.br\/2019\/wp-json\/wp\/v2\/tags?post=49867"}],"curies":[{"name":"wp","href":"https:\/\/api.w.org\/{rel}","templated":true}]}}