{"id":49847,"date":"2021-06-24T23:27:45","date_gmt":"2021-06-24T23:27:45","guid":{"rendered":"https:\/\/jorgezanoni.com.br\/2019\/?p=49847"},"modified":"2021-06-24T23:28:26","modified_gmt":"2021-06-24T23:28:26","slug":"policia-civil-alunos-do-programa-jovem-adolescente-participam-de-palestra-sobre-prevencao-ao-uso-de-drogas-em-dracena","status":"publish","type":"post","link":"https:\/\/jorgezanoni.com.br\/2019\/policia-civil-alunos-do-programa-jovem-adolescente-participam-de-palestra-sobre-prevencao-ao-uso-de-drogas-em-dracena\/","title":{"rendered":"Pol\u00edcia Civil: Alunos do Programa Jovem Adolescente participam de palestra sobre preven\u00e7\u00e3o ao uso de drogas em Dracena"},"content":{"rendered":"<p style=\"text-align: justify;\"><strong>Cerca de 60 alunos do Programa Jovem Adolescente, da Institui\u00e7\u00e3o Guiomar Novaes, participaram do encontro virtual. O evento tamb\u00e9m fez alus\u00e3o ao dia 26 de junho, em que se comemora o *Dia Internacional Contra o Abuso e Tr\u00e1fico Il\u00edcito de Drogas&#8221;.<\/strong><\/p>\n<p>A Pol\u00edcia Civil, por interm\u00e9dio da Delegacia Seccional de Pol\u00edcia de Dracena, nesta quinta-feira (24), promoveu em conjunto com a Institui\u00e7\u00e3o Guiomar Novaes &#8211; INA, palestra virtual para jovens dracenense que est\u00e3o empenhados na busca pela qualifica\u00e7\u00e3o profissional e por oportunidade do primeiro emprego no mercado de trabalho.<\/p>\n<p style=\"text-align: justify;\">Os estudantes com idade entre 14 a 17 anos, receberam orienta\u00e7\u00f5es sobre preven\u00e7\u00e3o ao uso nocivo de drogas. A apresenta\u00e7\u00e3o ficou a cargo do agente policial Reginaldo Rosa, que discorreu sobre o tema, refor\u00e7ando ainda que o poder de escolha do n\u00e3o usar drogas, sejam elas l\u00edcitas ou il\u00edcitas, depende de cada indiv\u00edduo.<\/p>\n<p style=\"text-align: justify;\">O encontro buscou contribuir para uma melhor qualidade de vida, tanto profissional quanto pessoal e familiar, dos jovens. O Programa Jovem Adolescente, da Institui\u00e7\u00e3o Guiomar Novaes, oferece oportunidade para que os jovens experimentem formas diferentes de intera\u00e7\u00e3o social, se apropriem de novos conhecimentos, reelaborem suas pr\u00f3prias experi\u00eancias e sua vis\u00e3o de mundo e, ao mesmo tempo, se reposicionem quanto \u00e0 sua inser\u00e7\u00e3o social e profissional futura.<\/p>\n<p style=\"text-align: justify;\">No final da apresenta\u00e7\u00e3o os alunos puderam tirar suas d\u00favidas e compartilhar informa\u00e7\u00f5es com os demais colegas. O evento tamb\u00e9m serviu para celebrar o Dia Internacional Contra o Abuso e Tr\u00e1fico Il\u00edcito de Drogas, comemorado dia 26 de junho, a data foi criada pela Assembleia Geral da ONU por meio da Resolu\u00e7\u00e3o n\u00ba 42\/112, de 7 dezembro de 1987, que visa a conscientizar a popula\u00e7\u00e3o sobre esse grave problema social.<\/p>\n<p><img loading=\"lazy\" decoding=\"async\" class=\"alignnone size-full wp-image-49848\" src=\"https:\/\/jorgezanoni.com.br\/2019\/wp-content\/uploads\/2021\/06\/poli.jpg\" alt=\"\" width=\"1280\" height=\"460\" srcset=\"https:\/\/jorgezanoni.com.br\/2019\/wp-content\/uploads\/2021\/06\/poli.jpg 1280w, https:\/\/jorgezanoni.com.br\/2019\/wp-content\/uploads\/2021\/06\/poli-300x108.jpg 300w, https:\/\/jorgezanoni.com.br\/2019\/wp-content\/uploads\/2021\/06\/poli-1024x368.jpg 1024w, https:\/\/jorgezanoni.com.br\/2019\/wp-content\/uploads\/2021\/06\/poli-768x276.jpg 768w, https:\/\/jorgezanoni.com.br\/2019\/wp-content\/uploads\/2021\/06\/poli-696x250.jpg 696w, https:\/\/jorgezanoni.com.br\/2019\/wp-content\/uploads\/2021\/06\/poli-1068x384.jpg 1068w, https:\/\/jorgezanoni.com.br\/2019\/wp-content\/uploads\/2021\/06\/poli-1169x420.jpg 1169w\" sizes=\"auto, (max-width: 1280px) 100vw, 1280px\" \/> <img loading=\"lazy\" decoding=\"async\" class=\"alignnone size-full wp-image-49849\" src=\"https:\/\/jorgezanoni.com.br\/2019\/wp-content\/uploads\/2021\/06\/poli1.jpg\" alt=\"\" width=\"1034\" height=\"477\" srcset=\"https:\/\/jorgezanoni.com.br\/2019\/wp-content\/uploads\/2021\/06\/poli1.jpg 1034w, https:\/\/jorgezanoni.com.br\/2019\/wp-content\/uploads\/2021\/06\/poli1-300x138.jpg 300w, https:\/\/jorgezanoni.com.br\/2019\/wp-content\/uploads\/2021\/06\/poli1-1024x472.jpg 1024w, https:\/\/jorgezanoni.com.br\/2019\/wp-content\/uploads\/2021\/06\/poli1-768x354.jpg 768w, https:\/\/jorgezanoni.com.br\/2019\/wp-content\/uploads\/2021\/06\/poli1-696x321.jpg 696w, https:\/\/jorgezanoni.com.br\/2019\/wp-content\/uploads\/2021\/06\/poli1-910x420.jpg 910w\" sizes=\"auto, (max-width: 1034px) 100vw, 1034px\" \/> <img loading=\"lazy\" decoding=\"async\" class=\"alignnone size-full wp-image-49851\" src=\"https:\/\/jorgezanoni.com.br\/2019\/wp-content\/uploads\/2021\/06\/poli3.jpg\" alt=\"\" width=\"1280\" height=\"487\" srcset=\"https:\/\/jorgezanoni.com.br\/2019\/wp-content\/uploads\/2021\/06\/poli3.jpg 1280w, https:\/\/jorgezanoni.com.br\/2019\/wp-content\/uploads\/2021\/06\/poli3-300x114.jpg 300w, https:\/\/jorgezanoni.com.br\/2019\/wp-content\/uploads\/2021\/06\/poli3-1024x390.jpg 1024w, https:\/\/jorgezanoni.com.br\/2019\/wp-content\/uploads\/2021\/06\/poli3-768x292.jpg 768w, https:\/\/jorgezanoni.com.br\/2019\/wp-content\/uploads\/2021\/06\/poli3-696x265.jpg 696w, https:\/\/jorgezanoni.com.br\/2019\/wp-content\/uploads\/2021\/06\/poli3-1068x406.jpg 1068w, https:\/\/jorgezanoni.com.br\/2019\/wp-content\/uploads\/2021\/06\/poli3-1104x420.jpg 1104w\" sizes=\"auto, (max-width: 1280px) 100vw, 1280px\" \/><\/p>\n<p>Fonte: Com. Social Policia Civil<\/p>\n","protected":false},"excerpt":{"rendered":"<p>Cerca de 60 alunos do Programa Jovem Adolescente, da Institui\u00e7\u00e3o Guiomar Novaes, participaram do encontro virtual. O evento tamb\u00e9m fez alus\u00e3o ao dia 26 de junho, em que se comemora o *Dia Internacional Contra o Abuso e Tr\u00e1fico Il\u00edcito de Drogas&#8221;. A Pol\u00edcia Civil, por interm\u00e9dio da Delegacia Seccional de Pol\u00edcia de Dracena, nesta quinta-feira [&hellip;]<\/p>\n","protected":false},"author":1,"featured_media":49850,"comment_status":"closed","ping_status":"open","sticky":false,"template":"","format":"standard","meta":{"footnotes":""},"categories":[110,2],"tags":[],"class_list":["post-49847","post","type-post","status-publish","format-standard","has-post-thumbnail","hentry","category-noticiasdestaque","category-policial"],"_links":{"self":[{"href":"https:\/\/jorgezanoni.com.br\/2019\/wp-json\/wp\/v2\/posts\/49847","targetHints":{"allow":["GET"]}}],"collection":[{"href":"https:\/\/jorgezanoni.com.br\/2019\/wp-json\/wp\/v2\/posts"}],"about":[{"href":"https:\/\/jorgezanoni.com.br\/2019\/wp-json\/wp\/v2\/types\/post"}],"author":[{"embeddable":true,"href":"https:\/\/jorgezanoni.com.br\/2019\/wp-json\/wp\/v2\/users\/1"}],"replies":[{"embeddable":true,"href":"https:\/\/jorgezanoni.com.br\/2019\/wp-json\/wp\/v2\/comments?post=49847"}],"version-history":[{"count":0,"href":"https:\/\/jorgezanoni.com.br\/2019\/wp-json\/wp\/v2\/posts\/49847\/revisions"}],"wp:featuredmedia":[{"embeddable":true,"href":"https:\/\/jorgezanoni.com.br\/2019\/wp-json\/wp\/v2\/media\/49850"}],"wp:attachment":[{"href":"https:\/\/jorgezanoni.com.br\/2019\/wp-json\/wp\/v2\/media?parent=49847"}],"wp:term":[{"taxonomy":"category","embeddable":true,"href":"https:\/\/jorgezanoni.com.br\/2019\/wp-json\/wp\/v2\/categories?post=49847"},{"taxonomy":"post_tag","embeddable":true,"href":"https:\/\/jorgezanoni.com.br\/2019\/wp-json\/wp\/v2\/tags?post=49847"}],"curies":[{"name":"wp","href":"https:\/\/api.w.org\/{rel}","templated":true}]}}