{"id":49841,"date":"2021-06-24T16:22:26","date_gmt":"2021-06-24T16:22:26","guid":{"rendered":"https:\/\/jorgezanoni.com.br\/2019\/?p=49841"},"modified":"2021-06-24T16:22:26","modified_gmt":"2021-06-24T16:22:26","slug":"morre-a-senhora-helenita-dos-santos-balderramas-dona-lili","status":"publish","type":"post","link":"https:\/\/jorgezanoni.com.br\/2019\/morre-a-senhora-helenita-dos-santos-balderramas-dona-lili\/","title":{"rendered":"Morre a senhora Helenita dos Santos Balderramas (Dona Lili)"},"content":{"rendered":"<p style=\"text-align: justify;\">Comunicamos com pesar o falecimento nesta madrugada, da senhora Helenita dos Santos Balderramas (Dona Lili), aos 81 anos. Ela estava internada na Santa Casa de Dracena e sofreu uma parada cardiorespitar\u00f3ria.<\/p>\n<p style=\"text-align: justify;\">V\u00fava, deixa filhos, genros, noras, netos, bisnetos, demais familiares e amigos. \u00c9 m\u00e3e da locutora Lilian Lopes (Band Fm).<\/p>\n<p style=\"text-align: justify;\">O seu Corpo est\u00e1 sendo velado no Vel\u00f3rio Municipal de Junqueir\u00f3polis e o Sepultamento ocorre \u00e0s 17 Hs. de hoje (24).<\/p>\n<p style=\"text-align: justify;\">Aos familiares e amigos nossos sentimentos neste dif\u00edcil momento.<\/p>\n<p style=\"text-align: justify;\">Jorge Zanoni<\/p>\n","protected":false},"excerpt":{"rendered":"<p>Comunicamos com pesar o falecimento nesta madrugada, da senhora Helenita dos Santos Balderramas (Dona Lili), aos 81 anos. Ela estava internada na Santa Casa de Dracena e sofreu uma parada cardiorespitar\u00f3ria. V\u00fava, deixa filhos, genros, noras, netos, bisnetos, demais familiares e amigos. \u00c9 m\u00e3e da locutora Lilian Lopes (Band Fm). O seu Corpo est\u00e1 sendo [&hellip;]<\/p>\n","protected":false},"author":1,"featured_media":49842,"comment_status":"closed","ping_status":"open","sticky":false,"template":"","format":"standard","meta":{"footnotes":""},"categories":[178,110],"tags":[],"class_list":["post-49841","post","type-post","status-publish","format-standard","has-post-thumbnail","hentry","category-notadefalecimento","category-noticiasdestaque"],"_links":{"self":[{"href":"https:\/\/jorgezanoni.com.br\/2019\/wp-json\/wp\/v2\/posts\/49841","targetHints":{"allow":["GET"]}}],"collection":[{"href":"https:\/\/jorgezanoni.com.br\/2019\/wp-json\/wp\/v2\/posts"}],"about":[{"href":"https:\/\/jorgezanoni.com.br\/2019\/wp-json\/wp\/v2\/types\/post"}],"author":[{"embeddable":true,"href":"https:\/\/jorgezanoni.com.br\/2019\/wp-json\/wp\/v2\/users\/1"}],"replies":[{"embeddable":true,"href":"https:\/\/jorgezanoni.com.br\/2019\/wp-json\/wp\/v2\/comments?post=49841"}],"version-history":[{"count":0,"href":"https:\/\/jorgezanoni.com.br\/2019\/wp-json\/wp\/v2\/posts\/49841\/revisions"}],"wp:featuredmedia":[{"embeddable":true,"href":"https:\/\/jorgezanoni.com.br\/2019\/wp-json\/wp\/v2\/media\/49842"}],"wp:attachment":[{"href":"https:\/\/jorgezanoni.com.br\/2019\/wp-json\/wp\/v2\/media?parent=49841"}],"wp:term":[{"taxonomy":"category","embeddable":true,"href":"https:\/\/jorgezanoni.com.br\/2019\/wp-json\/wp\/v2\/categories?post=49841"},{"taxonomy":"post_tag","embeddable":true,"href":"https:\/\/jorgezanoni.com.br\/2019\/wp-json\/wp\/v2\/tags?post=49841"}],"curies":[{"name":"wp","href":"https:\/\/api.w.org\/{rel}","templated":true}]}}