{"id":49797,"date":"2021-06-24T00:35:52","date_gmt":"2021-06-24T00:35:52","guid":{"rendered":"https:\/\/jorgezanoni.com.br\/2019\/?p=49797"},"modified":"2021-06-24T00:35:52","modified_gmt":"2021-06-24T00:35:52","slug":"morre-oliveiros-candido-junqueira-ex-funcionario-do-banco-do-brasil","status":"publish","type":"post","link":"https:\/\/jorgezanoni.com.br\/2019\/morre-oliveiros-candido-junqueira-ex-funcionario-do-banco-do-brasil\/","title":{"rendered":"Morre Oliveiros C\u00e2ndido Junqueira ex-funcion\u00e1rio do Banco do Brasil"},"content":{"rendered":"<p style=\"text-align: justify;\">Comunicamos com pesar o falecimento de Oliveiros C\u00e2ndido Junqueira aos 82 anos. Ele havia passado por uma cirurgia, teve complica\u00e7\u00f5es e n\u00e3o resistiu vindo a \u00f3bito.<\/p>\n<p style=\"text-align: justify;\">Deixa a esposa Mara, filhos Fl\u00e1via e F\u00e1bio, nora Ana Paula, genro M\u00e1rcio, netos Jo\u00e3o Vitor, Marcelo e Vin\u00edcius, demais familiares e amigos.<\/p>\n<p style=\"text-align: justify;\">Oliveiros trabalhou por muitos anos no Banco do Brasil, era morador antigo de Dracena.<\/p>\n<p style=\"text-align: justify;\">O Vel\u00f3rio ocorre na Mutu\u00e1ria Dracenense a partir das 10:00 Horas, e o Sepultamento ser\u00e1 \u00e0s 16:00 Horas no Cemit\u00e9rio Municipal de Dracena.<\/p>\n<p style=\"text-align: justify;\">O Site JZ se solidariza com a Fam\u00edlia e amigos neste dificil momento.<\/p>\n<p style=\"text-align: justify;\">Jorge Zanoni<\/p>\n<p><img loading=\"lazy\" decoding=\"async\" class=\"alignnone size-full wp-image-49798\" src=\"https:\/\/jorgezanoni.com.br\/2019\/wp-content\/uploads\/2021\/06\/Oliveiros.jpg\" alt=\"\" width=\"1923\" height=\"1803\" srcset=\"https:\/\/jorgezanoni.com.br\/2019\/wp-content\/uploads\/2021\/06\/Oliveiros.jpg 1923w, https:\/\/jorgezanoni.com.br\/2019\/wp-content\/uploads\/2021\/06\/Oliveiros-300x281.jpg 300w, https:\/\/jorgezanoni.com.br\/2019\/wp-content\/uploads\/2021\/06\/Oliveiros-1024x960.jpg 1024w, https:\/\/jorgezanoni.com.br\/2019\/wp-content\/uploads\/2021\/06\/Oliveiros-768x720.jpg 768w, https:\/\/jorgezanoni.com.br\/2019\/wp-content\/uploads\/2021\/06\/Oliveiros-1536x1440.jpg 1536w, https:\/\/jorgezanoni.com.br\/2019\/wp-content\/uploads\/2021\/06\/Oliveiros-696x653.jpg 696w, https:\/\/jorgezanoni.com.br\/2019\/wp-content\/uploads\/2021\/06\/Oliveiros-1068x1001.jpg 1068w, https:\/\/jorgezanoni.com.br\/2019\/wp-content\/uploads\/2021\/06\/Oliveiros-448x420.jpg 448w\" sizes=\"auto, (max-width: 1923px) 100vw, 1923px\" \/><\/p>\n","protected":false},"excerpt":{"rendered":"<p>Comunicamos com pesar o falecimento de Oliveiros C\u00e2ndido Junqueira aos 82 anos. Ele havia passado por uma cirurgia, teve complica\u00e7\u00f5es e n\u00e3o resistiu vindo a \u00f3bito. Deixa a esposa Mara, filhos Fl\u00e1via e F\u00e1bio, nora Ana Paula, genro M\u00e1rcio, netos Jo\u00e3o Vitor, Marcelo e Vin\u00edcius, demais familiares e amigos. Oliveiros trabalhou por muitos anos no [&hellip;]<\/p>\n","protected":false},"author":1,"featured_media":49799,"comment_status":"closed","ping_status":"open","sticky":false,"template":"","format":"standard","meta":{"footnotes":""},"categories":[178,110],"tags":[],"class_list":["post-49797","post","type-post","status-publish","format-standard","has-post-thumbnail","hentry","category-notadefalecimento","category-noticiasdestaque"],"_links":{"self":[{"href":"https:\/\/jorgezanoni.com.br\/2019\/wp-json\/wp\/v2\/posts\/49797","targetHints":{"allow":["GET"]}}],"collection":[{"href":"https:\/\/jorgezanoni.com.br\/2019\/wp-json\/wp\/v2\/posts"}],"about":[{"href":"https:\/\/jorgezanoni.com.br\/2019\/wp-json\/wp\/v2\/types\/post"}],"author":[{"embeddable":true,"href":"https:\/\/jorgezanoni.com.br\/2019\/wp-json\/wp\/v2\/users\/1"}],"replies":[{"embeddable":true,"href":"https:\/\/jorgezanoni.com.br\/2019\/wp-json\/wp\/v2\/comments?post=49797"}],"version-history":[{"count":0,"href":"https:\/\/jorgezanoni.com.br\/2019\/wp-json\/wp\/v2\/posts\/49797\/revisions"}],"wp:featuredmedia":[{"embeddable":true,"href":"https:\/\/jorgezanoni.com.br\/2019\/wp-json\/wp\/v2\/media\/49799"}],"wp:attachment":[{"href":"https:\/\/jorgezanoni.com.br\/2019\/wp-json\/wp\/v2\/media?parent=49797"}],"wp:term":[{"taxonomy":"category","embeddable":true,"href":"https:\/\/jorgezanoni.com.br\/2019\/wp-json\/wp\/v2\/categories?post=49797"},{"taxonomy":"post_tag","embeddable":true,"href":"https:\/\/jorgezanoni.com.br\/2019\/wp-json\/wp\/v2\/tags?post=49797"}],"curies":[{"name":"wp","href":"https:\/\/api.w.org\/{rel}","templated":true}]}}