{"id":49794,"date":"2021-06-23T23:34:56","date_gmt":"2021-06-23T23:34:56","guid":{"rendered":"https:\/\/jorgezanoni.com.br\/2019\/?p=49794"},"modified":"2021-06-23T23:34:56","modified_gmt":"2021-06-23T23:34:56","slug":"morre-o-tupiense-deocleciano-b-souza-filho-neninho","status":"publish","type":"post","link":"https:\/\/jorgezanoni.com.br\/2019\/morre-o-tupiense-deocleciano-b-souza-filho-neninho\/","title":{"rendered":"Morre o tupiense Deocleciano B. Souza Filho (Neninho)"},"content":{"rendered":"<p style=\"text-align: justify;\">Comunicamos com pesar o falecimento do tupiense Deocleciano B. Souza Filho (Neninho), aos 61 anos.<\/p>\n<p style=\"text-align: justify;\">Neninho esteve internado com complica\u00e7\u00f5es da Covid e estava se recuperando, acabou tendo um AVC e n\u00e3o resistiu.<\/p>\n<p style=\"text-align: justify;\">Deixa a esposa, demais familiares e amigos.<\/p>\n<p style=\"text-align: justify;\">O Site JZ se solidariza com a Familia e amigos neste dif\u00edcil momento.<\/p>\n<p style=\"text-align: justify;\">Jorge Zanoni<\/p>\n","protected":false},"excerpt":{"rendered":"<p>Comunicamos com pesar o falecimento do tupiense Deocleciano B. Souza Filho (Neninho), aos 61 anos. Neninho esteve internado com complica\u00e7\u00f5es da Covid e estava se recuperando, acabou tendo um AVC e n\u00e3o resistiu. Deixa a esposa, demais familiares e amigos. O Site JZ se solidariza com a Familia e amigos neste dif\u00edcil momento. Jorge Zanoni<\/p>\n","protected":false},"author":1,"featured_media":49795,"comment_status":"closed","ping_status":"open","sticky":false,"template":"","format":"standard","meta":{"footnotes":""},"categories":[178,110],"tags":[],"class_list":["post-49794","post","type-post","status-publish","format-standard","has-post-thumbnail","hentry","category-notadefalecimento","category-noticiasdestaque"],"_links":{"self":[{"href":"https:\/\/jorgezanoni.com.br\/2019\/wp-json\/wp\/v2\/posts\/49794","targetHints":{"allow":["GET"]}}],"collection":[{"href":"https:\/\/jorgezanoni.com.br\/2019\/wp-json\/wp\/v2\/posts"}],"about":[{"href":"https:\/\/jorgezanoni.com.br\/2019\/wp-json\/wp\/v2\/types\/post"}],"author":[{"embeddable":true,"href":"https:\/\/jorgezanoni.com.br\/2019\/wp-json\/wp\/v2\/users\/1"}],"replies":[{"embeddable":true,"href":"https:\/\/jorgezanoni.com.br\/2019\/wp-json\/wp\/v2\/comments?post=49794"}],"version-history":[{"count":0,"href":"https:\/\/jorgezanoni.com.br\/2019\/wp-json\/wp\/v2\/posts\/49794\/revisions"}],"wp:featuredmedia":[{"embeddable":true,"href":"https:\/\/jorgezanoni.com.br\/2019\/wp-json\/wp\/v2\/media\/49795"}],"wp:attachment":[{"href":"https:\/\/jorgezanoni.com.br\/2019\/wp-json\/wp\/v2\/media?parent=49794"}],"wp:term":[{"taxonomy":"category","embeddable":true,"href":"https:\/\/jorgezanoni.com.br\/2019\/wp-json\/wp\/v2\/categories?post=49794"},{"taxonomy":"post_tag","embeddable":true,"href":"https:\/\/jorgezanoni.com.br\/2019\/wp-json\/wp\/v2\/tags?post=49794"}],"curies":[{"name":"wp","href":"https:\/\/api.w.org\/{rel}","templated":true}]}}