{"id":49777,"date":"2021-06-23T20:43:17","date_gmt":"2021-06-23T20:43:17","guid":{"rendered":"https:\/\/jorgezanoni.com.br\/2019\/?p=49777"},"modified":"2021-06-23T20:44:14","modified_gmt":"2021-06-23T20:44:14","slug":"associacao-proeduc-agradece-a-todos-que-participaram-da-acao-solidaria","status":"publish","type":"post","link":"https:\/\/jorgezanoni.com.br\/2019\/associacao-proeduc-agradece-a-todos-que-participaram-da-acao-solidaria\/","title":{"rendered":"Associa\u00e7\u00e3o Proeduc agradece a todos que participaram da a\u00e7\u00e3o solid\u00e1ria"},"content":{"rendered":"<p style=\"text-align: justify;\"><span style=\"font-size: large;\">A presidente da Associa\u00e7\u00e3o Proeduc de Inclus\u00e3o Social na Educa\u00e7\u00e3o, Marina Zamariolli, agradece a colabora\u00e7\u00e3o de todos na a\u00e7\u00e3o solid\u00e1ria dos p\u00e3es recheados, realizada nos dias 17 e 18 de junho.<\/span><\/p>\n<p style=\"text-align: justify;\"><span style=\"font-size: large;\">&#8220;A todos que contribu\u00edram para a realiza\u00e7\u00e3o deste evento, a todos que contribu\u00edram comprando os p\u00e3es, MUITO OBRIGADA!&#8221;, ressalta a presidente. &#8220;Tivemos 180 p\u00e3es vendidos, feitos no maior capricho por volunt\u00e1rios&#8221;, acrescenta.<\/span><\/p>\n<p style=\"text-align: justify;\"><span style=\"font-size: large;\">A renda com a venda dos p\u00e3es ser\u00e1 revertida para as bolsas de estudos de alunos carentes.<\/span><\/p>\n<p style=\"text-align: justify;\"><span style=\"font-size: large;\">&#8220;Acredito que entregamos p\u00e3es deliciosos, porque j\u00e1 tivemos pedidos para uma pr\u00f3xima edi\u00e7\u00e3o e estamos estudando uma nova a\u00e7\u00e3o para o segundo semestre&#8221;, revela Marina.<\/span><\/p>\n<p style=\"text-align: justify;\"><span style=\"font-size: large;\"><b>Proeduc<\/b><\/span><\/p>\n<p style=\"text-align: justify;\"><span style=\"font-size: large;\">A Associa\u00e7\u00e3o Proeduc de Inclus\u00e3o Social na Educa\u00e7\u00e3o foi criada em agosto de 2005, quando um grupo de cidad\u00e3os dracenenses, liderados pelo jogador profissional de futebol Edu Dracena, decidiu se organizar em prol dos menos favorecidos de Dracena e regi\u00e3o.<\/span><\/p>\n<p style=\"text-align: justify;\"><span style=\"font-size: large;\">A Proeduc tem a finalidade de arrecadar meios para a gera\u00e7\u00e3o de bolsas de estudo para alunos carentes da Funda\u00e7\u00e3o Dracenense de Educa\u00e7\u00e3o e Cultura (Fundec), institui\u00e7\u00e3o de ensino filantr\u00f3pica mantenedora do CEP\/UME (cursos t\u00e9cnicos), da Unifadra (gradua\u00e7\u00e3o) e do Anglo-CID (col\u00e9gio).<\/span><\/p>\n<p style=\"text-align: justify;\"><span style=\"font-size: large;\">Os interessados em contribuir com a Proeduc podem entrar em contato pelo e-mail\u00a0<a href=\"mailto:pessoal1@fundec.edu.br\" rel=\"noreferrer\">pessoal1@fundec.edu.br<\/a>\u00a0. Mais informa\u00e7\u00f5es:\u00a0<a href=\"http:\/\/www.proeduc.org.br\/\" target=\"_blank\" rel=\"noopener noreferrer\">www.proeduc.org.br<\/a><\/span><\/p>\n<p style=\"text-align: justify;\">Fonte: Departamento de Comunica\u00e7\u00e3o Fundec<\/p>\n","protected":false},"excerpt":{"rendered":"<p>A presidente da Associa\u00e7\u00e3o Proeduc de Inclus\u00e3o Social na Educa\u00e7\u00e3o, Marina Zamariolli, agradece a colabora\u00e7\u00e3o de todos na a\u00e7\u00e3o solid\u00e1ria dos p\u00e3es recheados, realizada nos dias 17 e 18 de junho. &#8220;A todos que contribu\u00edram para a realiza\u00e7\u00e3o deste evento, a todos que contribu\u00edram comprando os p\u00e3es, MUITO OBRIGADA!&#8221;, ressalta a presidente. &#8220;Tivemos 180 p\u00e3es [&hellip;]<\/p>\n","protected":false},"author":1,"featured_media":49778,"comment_status":"closed","ping_status":"open","sticky":false,"template":"","format":"standard","meta":{"footnotes":""},"categories":[122],"tags":[],"class_list":["post-49777","post","type-post","status-publish","format-standard","has-post-thumbnail","hentry","category-saudeeducacaoeconcurso"],"_links":{"self":[{"href":"https:\/\/jorgezanoni.com.br\/2019\/wp-json\/wp\/v2\/posts\/49777","targetHints":{"allow":["GET"]}}],"collection":[{"href":"https:\/\/jorgezanoni.com.br\/2019\/wp-json\/wp\/v2\/posts"}],"about":[{"href":"https:\/\/jorgezanoni.com.br\/2019\/wp-json\/wp\/v2\/types\/post"}],"author":[{"embeddable":true,"href":"https:\/\/jorgezanoni.com.br\/2019\/wp-json\/wp\/v2\/users\/1"}],"replies":[{"embeddable":true,"href":"https:\/\/jorgezanoni.com.br\/2019\/wp-json\/wp\/v2\/comments?post=49777"}],"version-history":[{"count":0,"href":"https:\/\/jorgezanoni.com.br\/2019\/wp-json\/wp\/v2\/posts\/49777\/revisions"}],"wp:featuredmedia":[{"embeddable":true,"href":"https:\/\/jorgezanoni.com.br\/2019\/wp-json\/wp\/v2\/media\/49778"}],"wp:attachment":[{"href":"https:\/\/jorgezanoni.com.br\/2019\/wp-json\/wp\/v2\/media?parent=49777"}],"wp:term":[{"taxonomy":"category","embeddable":true,"href":"https:\/\/jorgezanoni.com.br\/2019\/wp-json\/wp\/v2\/categories?post=49777"},{"taxonomy":"post_tag","embeddable":true,"href":"https:\/\/jorgezanoni.com.br\/2019\/wp-json\/wp\/v2\/tags?post=49777"}],"curies":[{"name":"wp","href":"https:\/\/api.w.org\/{rel}","templated":true}]}}