{"id":49773,"date":"2021-06-23T14:47:43","date_gmt":"2021-06-23T14:47:43","guid":{"rendered":"https:\/\/jorgezanoni.com.br\/2019\/?p=49773"},"modified":"2021-06-23T14:47:43","modified_gmt":"2021-06-23T14:47:43","slug":"policia-militar-recupera-bicicleta-furtada-e-esclarece-furto-em-junqueiropolis","status":"publish","type":"post","link":"https:\/\/jorgezanoni.com.br\/2019\/policia-militar-recupera-bicicleta-furtada-e-esclarece-furto-em-junqueiropolis\/","title":{"rendered":"Pol\u00edcia Militar recupera Bicicleta furtada e esclarece furto em Junqueir\u00f3polis"},"content":{"rendered":"<p style=\"text-align: justify;\"><strong>POL\u00cdCIA MILITAR RECUPERA BICICLETA FURTADA E ESCLARECE FURTO (ATO INFRACIONAL).<\/strong><\/p>\n<p style=\"text-align: justify;\">Na data de hoje (23) por volta das 09h30min equipe da Pol\u00edcia Militar ap\u00f3s receber informa\u00e7\u00f5es de que uma bicicleta furtada na segunda feira dia 21, estaria provavelmente na \u00e1rea rural foi logrado \u00eaxito em localizar a bicicleta furtada em uma propriedade e em contato com o sindicado de 16 anos este veio a confessar o furto e ap\u00f3s a oitava foi liberado e a bicicleta devolvida ao propriet\u00e1rio.<\/p>\n<p>Fonte: Com. Social Pol\u00edcia Militar<\/p>\n","protected":false},"excerpt":{"rendered":"<p>POL\u00cdCIA MILITAR RECUPERA BICICLETA FURTADA E ESCLARECE FURTO (ATO INFRACIONAL). Na data de hoje (23) por volta das 09h30min equipe da Pol\u00edcia Militar ap\u00f3s receber informa\u00e7\u00f5es de que uma bicicleta furtada na segunda feira dia 21, estaria provavelmente na \u00e1rea rural foi logrado \u00eaxito em localizar a bicicleta furtada em uma propriedade e em contato [&hellip;]<\/p>\n","protected":false},"author":1,"featured_media":49774,"comment_status":"closed","ping_status":"open","sticky":false,"template":"","format":"standard","meta":{"footnotes":""},"categories":[110,2],"tags":[],"class_list":["post-49773","post","type-post","status-publish","format-standard","has-post-thumbnail","hentry","category-noticiasdestaque","category-policial"],"_links":{"self":[{"href":"https:\/\/jorgezanoni.com.br\/2019\/wp-json\/wp\/v2\/posts\/49773","targetHints":{"allow":["GET"]}}],"collection":[{"href":"https:\/\/jorgezanoni.com.br\/2019\/wp-json\/wp\/v2\/posts"}],"about":[{"href":"https:\/\/jorgezanoni.com.br\/2019\/wp-json\/wp\/v2\/types\/post"}],"author":[{"embeddable":true,"href":"https:\/\/jorgezanoni.com.br\/2019\/wp-json\/wp\/v2\/users\/1"}],"replies":[{"embeddable":true,"href":"https:\/\/jorgezanoni.com.br\/2019\/wp-json\/wp\/v2\/comments?post=49773"}],"version-history":[{"count":0,"href":"https:\/\/jorgezanoni.com.br\/2019\/wp-json\/wp\/v2\/posts\/49773\/revisions"}],"wp:featuredmedia":[{"embeddable":true,"href":"https:\/\/jorgezanoni.com.br\/2019\/wp-json\/wp\/v2\/media\/49774"}],"wp:attachment":[{"href":"https:\/\/jorgezanoni.com.br\/2019\/wp-json\/wp\/v2\/media?parent=49773"}],"wp:term":[{"taxonomy":"category","embeddable":true,"href":"https:\/\/jorgezanoni.com.br\/2019\/wp-json\/wp\/v2\/categories?post=49773"},{"taxonomy":"post_tag","embeddable":true,"href":"https:\/\/jorgezanoni.com.br\/2019\/wp-json\/wp\/v2\/tags?post=49773"}],"curies":[{"name":"wp","href":"https:\/\/api.w.org\/{rel}","templated":true}]}}