{"id":49770,"date":"2021-06-23T14:39:27","date_gmt":"2021-06-23T14:39:27","guid":{"rendered":"https:\/\/jorgezanoni.com.br\/2019\/?p=49770"},"modified":"2021-06-23T14:39:27","modified_gmt":"2021-06-23T14:39:27","slug":"homenagem-do-25o-bpm-i-23-de-junho-dia-do-lavrador","status":"publish","type":"post","link":"https:\/\/jorgezanoni.com.br\/2019\/homenagem-do-25o-bpm-i-23-de-junho-dia-do-lavrador\/","title":{"rendered":"HOMENAGEM DO 25\u00ba BPM\/I: 23 de junho, Dia do Lavrador"},"content":{"rendered":"<p style=\"text-align: justify;\">Dia 23 de junho, dia do lavrador ! \ud83c\udf3e\ud83c\udf3e\ud83c\udf31\ud83c\udf31\ud83c\udf3e\ud83c\udf31<\/p>\n<p style=\"text-align: justify;\">A esta brava e forte gente nosso carinho e respeito, pois, s\u00e3o eles que de sol a sol, com chuva ou frio, est\u00e3o l\u00e1, na lavoura, cuidando da terra e produzindo &#8220;o p\u00e3o&#8221;, o alimento para nossas mesas.<br \/>\nTrabalho \u00e1rduo, pesado, bruto, produzido por m\u00e3os aben\u00e7oadas.<\/p>\n<p style=\"text-align: justify;\">Nosso muito obrigado, nossa gratid\u00e3o.<\/p>\n<p style=\"text-align: justify;\">Na foto, Cabo PM Valdeir, o Sr. Marco R. Benites e o Soldado Lucas Oliveira, da 3 Companhia PM.<\/p>\n<p style=\"text-align: justify;\">Fonte: Com. Social Pol\u00edcia Militar<\/p>\n","protected":false},"excerpt":{"rendered":"<p>Dia 23 de junho, dia do lavrador ! \ud83c\udf3e\ud83c\udf3e\ud83c\udf31\ud83c\udf31\ud83c\udf3e\ud83c\udf31 A esta brava e forte gente nosso carinho e respeito, pois, s\u00e3o eles que de sol a sol, com chuva ou frio, est\u00e3o l\u00e1, na lavoura, cuidando da terra e produzindo &#8220;o p\u00e3o&#8221;, o alimento para nossas mesas. Trabalho \u00e1rduo, pesado, bruto, produzido por m\u00e3os aben\u00e7oadas. [&hellip;]<\/p>\n","protected":false},"author":1,"featured_media":49771,"comment_status":"closed","ping_status":"open","sticky":false,"template":"","format":"standard","meta":{"footnotes":""},"categories":[176,110,2],"tags":[],"class_list":["post-49770","post","type-post","status-publish","format-standard","has-post-thumbnail","hentry","category-meioambienteeagricultura","category-noticiasdestaque","category-policial"],"_links":{"self":[{"href":"https:\/\/jorgezanoni.com.br\/2019\/wp-json\/wp\/v2\/posts\/49770","targetHints":{"allow":["GET"]}}],"collection":[{"href":"https:\/\/jorgezanoni.com.br\/2019\/wp-json\/wp\/v2\/posts"}],"about":[{"href":"https:\/\/jorgezanoni.com.br\/2019\/wp-json\/wp\/v2\/types\/post"}],"author":[{"embeddable":true,"href":"https:\/\/jorgezanoni.com.br\/2019\/wp-json\/wp\/v2\/users\/1"}],"replies":[{"embeddable":true,"href":"https:\/\/jorgezanoni.com.br\/2019\/wp-json\/wp\/v2\/comments?post=49770"}],"version-history":[{"count":0,"href":"https:\/\/jorgezanoni.com.br\/2019\/wp-json\/wp\/v2\/posts\/49770\/revisions"}],"wp:featuredmedia":[{"embeddable":true,"href":"https:\/\/jorgezanoni.com.br\/2019\/wp-json\/wp\/v2\/media\/49771"}],"wp:attachment":[{"href":"https:\/\/jorgezanoni.com.br\/2019\/wp-json\/wp\/v2\/media?parent=49770"}],"wp:term":[{"taxonomy":"category","embeddable":true,"href":"https:\/\/jorgezanoni.com.br\/2019\/wp-json\/wp\/v2\/categories?post=49770"},{"taxonomy":"post_tag","embeddable":true,"href":"https:\/\/jorgezanoni.com.br\/2019\/wp-json\/wp\/v2\/tags?post=49770"}],"curies":[{"name":"wp","href":"https:\/\/api.w.org\/{rel}","templated":true}]}}