{"id":49763,"date":"2021-06-23T13:09:45","date_gmt":"2021-06-23T13:09:45","guid":{"rendered":"https:\/\/jorgezanoni.com.br\/2019\/?p=49763"},"modified":"2021-06-23T13:09:45","modified_gmt":"2021-06-23T13:09:45","slug":"the-band-um-som-que-contagia-erivaldo-por-sergio-barbosa","status":"publish","type":"post","link":"https:\/\/jorgezanoni.com.br\/2019\/the-band-um-som-que-contagia-erivaldo-por-sergio-barbosa\/","title":{"rendered":"THE BAND: \u201cUm som que contagia&#8230;\u201d (Erivaldo) (por S\u00e9rgio Barbosa)"},"content":{"rendered":"<p style=\"text-align: justify;\"><strong>THE BAND: \u201cUm som que contagia&#8230;\u201d <\/strong><strong><em>(Erivaldo)<\/em><\/strong><\/p>\n<p style=\"text-align: justify;\"><em>\u201cEu s\u00f3 preciso de um lugar, onde eu possa deitar a minha cabe\u00e7a&#8230;\u201d (THE BAND in \u201cThe Weight\u201d)<\/em><\/p>\n<p style=\"text-align: justify;\"><strong><em>Ao ERIVALDO, dedico!<\/em><\/strong><\/p>\n<p style=\"text-align: justify;\">Existem BANDAS que continuam marcando este tempo do tempo para muitas pessoas, mesmo que a tenham encerrado suas grava\u00e7\u00f5es ou apresenta\u00e7\u00f5es, ainda, n\u00e3o estarem mais interessadas em continuar na estrada da m\u00fasica&#8230;<\/p>\n<p style=\"text-align: justify;\">O cen\u00e1rio internacional est\u00e1 repleto destas Bandas que um dia marcaram presen\u00e7a pelas suas letras e m\u00fasicas, por\u00e9m, por motivos diversos se perderam no tempo deste tempo&#8230;<\/p>\n<p style=\"text-align: justify;\">THE BAND, como tantas outras na sua gera\u00e7\u00e3o musical, tamb\u00e9m, percorreram muitas estradas de um mesmo caminho, entretanto, apesar do sucesso e da aceita\u00e7\u00e3o dos m\u00fasicos e jornalistas, bem como, do in\u00edcio em 1.958 com a proposta de THE HAWKS, se tornaram mais umas das LENDAS da M\u00daSICA INTERNACIONAL&#8230;<\/p>\n<p style=\"text-align: justify;\">O nome desta Banda tem a ver com a sua forma\u00e7\u00e3o, ou seja, um grupo de cantores que buscavam naquele tempo do tempo um espa\u00e7o musical mais de acordo com os diversos estilos musicais e transitando pelos diversos instrumentos que se tornaram a marca registrada da THE BAND&#8230;<\/p>\n<p style=\"text-align: justify;\">O primeiro \u00c1LBUM aparece em 1.968 com a proposta MUSIC FROM BIG PINK, tamb\u00e9m, com um outro disco, THE BAND (1.969) e tantos outros que foram gravados nos anos seguintes, sendo que entre os anos de 1.976 e 1.983 deram um tempo nesta estrada musical&#8230;<\/p>\n<p style=\"text-align: justify;\">Foram um dos grupos mais admirados e respeitados no per\u00edodo que estiveram nos est\u00fadios e palcos para diversas apresenta\u00e7\u00f5es, neste caso em especial, faz-se necess\u00e1rio registrar o trabalho em conjunto com BOB DYLAN por meio do THE BASEMENT TAPES&#8230;<\/p>\n<p style=\"text-align: justify;\">Neste contexto mais do que diversificado para a THE BAND, n\u00e3o tem como deixar de lado a MUSICALIDADE e sintonia da Banda em n\u00edvel coletivo, tendo em vista a sintonia entre os componentes do Grupo que buscavam a mesma conex\u00e3o para uma aproxima\u00e7\u00e3o al\u00e9m da M\u00fasica&#8230;<\/p>\n<p style=\"text-align: justify;\">Por isso e mais aquilo, todavia, cada qual tem suas escolhas neste cen\u00e1rio musical, torna-se necess\u00e1rio escrever este registro para o outro lado que desconhece a import\u00e2ncia musical da THE BAND, possa pesquisar nos ANAIS DA M\u00daSICA INTERNACIONAL as muitas faces de uma BANDA que marcou os anos 60, 70 e 80, talvez, at\u00e9 mesmo a d\u00e9cada de 90&#8230;<\/p>\n<p style=\"text-align: justify;\">AVE MANUEL, HUDSON, HELM, ROBERTSON e DANKO (1.968)!<\/p>\n<p style=\"text-align: justify;\">AVE THE BAND!<\/p>\n<p>&nbsp;<\/p>\n<p>&nbsp;<\/p>\n<p>&nbsp;<\/p>\n","protected":false},"excerpt":{"rendered":"<p>THE BAND: \u201cUm som que contagia&#8230;\u201d (Erivaldo) \u201cEu s\u00f3 preciso de um lugar, onde eu possa deitar a minha cabe\u00e7a&#8230;\u201d (THE BAND in \u201cThe Weight\u201d) Ao ERIVALDO, dedico! Existem BANDAS que continuam marcando este tempo do tempo para muitas pessoas, mesmo que a tenham encerrado suas grava\u00e7\u00f5es ou apresenta\u00e7\u00f5es, ainda, n\u00e3o estarem mais interessadas em [&hellip;]<\/p>\n","protected":false},"author":1,"featured_media":49764,"comment_status":"closed","ping_status":"open","sticky":false,"template":"","format":"standard","meta":{"footnotes":""},"categories":[175],"tags":[],"class_list":["post-49763","post","type-post","status-publish","format-standard","has-post-thumbnail","hentry","category-artigos"],"_links":{"self":[{"href":"https:\/\/jorgezanoni.com.br\/2019\/wp-json\/wp\/v2\/posts\/49763","targetHints":{"allow":["GET"]}}],"collection":[{"href":"https:\/\/jorgezanoni.com.br\/2019\/wp-json\/wp\/v2\/posts"}],"about":[{"href":"https:\/\/jorgezanoni.com.br\/2019\/wp-json\/wp\/v2\/types\/post"}],"author":[{"embeddable":true,"href":"https:\/\/jorgezanoni.com.br\/2019\/wp-json\/wp\/v2\/users\/1"}],"replies":[{"embeddable":true,"href":"https:\/\/jorgezanoni.com.br\/2019\/wp-json\/wp\/v2\/comments?post=49763"}],"version-history":[{"count":0,"href":"https:\/\/jorgezanoni.com.br\/2019\/wp-json\/wp\/v2\/posts\/49763\/revisions"}],"wp:featuredmedia":[{"embeddable":true,"href":"https:\/\/jorgezanoni.com.br\/2019\/wp-json\/wp\/v2\/media\/49764"}],"wp:attachment":[{"href":"https:\/\/jorgezanoni.com.br\/2019\/wp-json\/wp\/v2\/media?parent=49763"}],"wp:term":[{"taxonomy":"category","embeddable":true,"href":"https:\/\/jorgezanoni.com.br\/2019\/wp-json\/wp\/v2\/categories?post=49763"},{"taxonomy":"post_tag","embeddable":true,"href":"https:\/\/jorgezanoni.com.br\/2019\/wp-json\/wp\/v2\/tags?post=49763"}],"curies":[{"name":"wp","href":"https:\/\/api.w.org\/{rel}","templated":true}]}}