{"id":49744,"date":"2021-06-22T23:04:29","date_gmt":"2021-06-22T23:04:29","guid":{"rendered":"https:\/\/jorgezanoni.com.br\/2019\/?p=49744"},"modified":"2021-06-22T23:05:32","modified_gmt":"2021-06-22T23:05:32","slug":"escola-de-formacao-de-soldados-de-junqueiropolis-22-anos-de-historia-e-dedicacao","status":"publish","type":"post","link":"https:\/\/jorgezanoni.com.br\/2019\/escola-de-formacao-de-soldados-de-junqueiropolis-22-anos-de-historia-e-dedicacao\/","title":{"rendered":"Escola de Forma\u00e7\u00e3o de Soldados de Junqueir\u00f3polis: 22 anos de hist\u00f3ria e dedica\u00e7\u00e3o"},"content":{"rendered":"<p style=\"text-align: justify;\">A ESCOLA DE FORMA\u00c7\u00c3O DE SOLDADOS DO 25\u00ba BATALH\u00c3O DE POL\u00cdCIA MILITAR DO INTERIOR, SEDIADA NO MUNIC\u00cdPIO DE JUNQUEIR\u00d3POLIS, IDEALIZADA PELAS AUTORIDADES CIVIS E MILITARES, \u00c0 \u00c9POCA, DR. H\u00c9LIO APARECIDO MENDES FURINI-PREFEITO MUNICIPAL E MAJOR PM VADILSON DOS SANTOS-COMANDANTE INTERINO DO VIG\u00c9SIMO QUINTO BATALH\u00c3O DE POL\u00cdCIA MILITAR, TORNOU-SE REALIDADE, A PARTIR DO MOMENTO EM QUE, SUPERANDO AS DIFICULDADES, INICIOU-SE AS OBRAS NO SEGUNDO SEMESTRE DO ANO DE 1998, COM RECURSOS PR\u00d3PRIOS DA PREFEITURA MUNICIPAL, QUANDO ENT\u00c3O, EM 09 DE AGOSTO DO MESMO ANO, DEU IN\u00cdCIO A PRIMEIRA TURMA, QUE CONTOU COM A FORMA\u00c7\u00c3O DE 88 (OITENTA E OITO) SOLDADOS POLICIAIS MILITARES, QUE AP\u00d3S FREQ\u00dcENTAREM A ESCOLA DE FORMA\u00c7\u00c3O PELO PER\u00cdODO DE UM ANO, SE FORMARAM NUMA FESTA GRANDIOSA, QUE CONTOU COM A PRESEN\u00c7A DE MUITAS AUTORIDADES CIVIS E MILITARES DA REGI\u00c3O E DA CAPITAL PAULISTA.<\/p>\n<p style=\"text-align: justify;\">AP\u00d3S O ENCERRAMENTO DA PRIMEIRA TURMA, A ESCOLA DE FORMA\u00c7\u00c3O DE SOLDADOS CONTINUOU EM ATIVIDADE, SEDIANDO OS EST\u00c1GIOS DE APERFEI\u00c7OAMENTO PROFISSIONAL AOS POLICIAIS MILITARES DA \u00c1REA JURISDICIONAL DO 25\u00ba BATALH\u00c3O DE POL\u00cdCIA MILITAR, ENQUANTO AGUARDAVA O T\u00c9RMINO DOS EXAMES PARA CONVOCA\u00c7\u00c3O DE UMA NOVA TURMA.<\/p>\n<p style=\"text-align: justify;\">FOI QUANDO ENT\u00c3O, EM 04 DE JUNHO DE 2001, INICIOU-SE UMA NOVA TURMA DE SOLDADOS POLICIAIS MILITARES, CONTANDO COM 78 (SETENTA E OITO) ALUNOS QUE PLEITEAVAM CHEGAR AO FINAL DO CURSO COM \u00caXITO, O QUE SE CONCRETIZOU EM 21 DE JUNHO DE 2002.<\/p>\n<p style=\"text-align: justify;\">NO PER\u00cdODO DE 23 DE MAIO DE 2002 \u00c0 19 DE JULHO DE 2002, A ESCOLA DE FORMA\u00c7\u00c3O DE SOLDADOS DE JUNQUEIR\u00d3POLIS RECEBEU A INCUMB\u00caNCIA DE FORMAR 23 (VINTE E TR\u00caS) SOLDADOS PM TEMPOR\u00c1RIOS, PARA EXERCEREM \u00c0 \u00c9POCA FUN\u00c7\u00d5ES ADMINISTRATIVAS NO 25\u00ba BPM\/I.<\/p>\n<p style=\"text-align: justify;\">NO PER\u00cdODO DE 20 DE JULHO DE 2002 A 26 DE AGOSTO DE 2002, AS DEPEND\u00caNCIAS DA ESCOLA DE FORMA\u00c7\u00c3O DE SOLDADOS FOI UTILIZADA POR POLICIAIS MILITARES PARA HABILITA\u00c7\u00c3O DA PISTOLA .40, EST\u00c1GIOS DE ESPECIALIZA\u00c7\u00c3O DE POLICIAIS EM POLICIAMENTO ESCOLAR, POLICIAMENTO INTEGRADO ENTRE OUTROS CURSOS E EST\u00c1GIOS, ENQUANTO AGUARDAVA UMA NOVA CONVOCA\u00c7\u00c3O DE 72 (SETENTA E DOIS) JOVENS DE V\u00c1RIAS CIDADES DA REGI\u00c3O, REMANESCENTES DE UM EDITAL DE CONCURSO DO ANO ANTERIOR, PARA INICIAR MAIS UM CURSO DE FORMA\u00c7\u00c3O T\u00c9CNICO-PROFISSIONAL DE SOLDADOS PM, QUE FUNCIONOU NESTA ESCOLA SEGUINDO OS PRINC\u00cdPIOS, METODOLOGIA E FILOSOFIA DE POLICIAMENTO COMUNIT\u00c1RIO IMPLANTADA EM TODO ESTADO DE S\u00c3O PAULO..<\/p>\n<p style=\"text-align: justify;\">DURANTE ESSES QUASE 22 ANOS DE INSTALA\u00c7\u00c3O DESSE N\u00daCLEO FORMADOR NA CIDADE DE JUNQUEIR\u00d3POLIS, TIVEMOS A HONRA DE FORMAR 1.294 (UM MIL DUZENTOS E NOVENTA E QUATRO ) SOLDADOS 2\u00aa CLASSE PM, E DENTRE ELES TEMOS A GRATA SATISFA\u00c7\u00c3O DE TER NO QUADRO DO 25\u00ba BPM\/I V\u00c1RIOS PROFISSIONAIS QUE VOLTARAM E EST\u00c3O SE DESTACANDO EM SUAS FUN\u00c7\u00d5ES NA NOSSA REGI\u00c3O, ENTRE CABOS, SOLDADOS, SARGENTOS E V\u00c1RIOS OFICIAIS DA POL\u00cdCIA MILITAR, COMO 1\u00ba TENENTE PM RODRIGO AFONSO, FORMADO NO ANO DE 1999, 1\u00ba TENENTE PM MAYARA TATIANA (2015), 1\u00ba TENENTE PM VICTOR AUGUSTO CARLI (2014) E 2\u00ba TENENTE PM JULIANO MEDEIROS (2002).<\/p>\n<p style=\"text-align: justify;\">DESTACAMOS A IMPORT\u00c2NCIA DESSE N\u00daCLEO FORMADOR, QUE TEVE DESTAQUE COM SEUS ALUNOS, QUANDO NAS CLASSIFICA\u00c7\u00d5ES FINAIS PERANTE TODO ESTADO NOS \u00daLTIMOS EDITAIS COM FORMATURA NO ANO DE 2020, SD PM PAULO ROBERTO DE MATOS CONTE ATINGIU A 10\u00aa POSI\u00c7\u00c3O NO ESTADO E O SD 2\u00aa CLASSE PM PEDRO PAULO DE OLIVEIRA SANTOS SAGROU-SE O 3\u00ba CLASSIFICADO DO ESTADO.<\/p>\n<p style=\"text-align: justify;\">DURANTE TODO O CURSO OS SOLDADOS PM ESTUDAM 54 (CINQUENTA E QUATRO) MAT\u00c9RIAS, DENTRE ELAS, AULAS DE DIREITOS HUMANOS, DIREITO PENAL E PENAL MILITAR, DIREITO CIVIL E ADMINISTRATIVO, JUIZADOS ESPECIAIS, PSICOLOGIA, MEDICINA LEGAL E CRIMINAL\u00cdSTICA, RESGATE E PRONTO SOCORRISMO, PREVEN\u00c7\u00c3O E COMBATE A INC\u00caNDIO E SALVAMENTO, MANUTEN\u00c7\u00c3O E CONDU\u00c7\u00c3O DE VIATURAS, TIRO DEFENSIVO NA PRESERVA\u00c7\u00c3O DA VIDA, POLICIAMENTO DE TR\u00c2NSITO, DE CHOQUE E AMBIENTAL, PROCEDIMENTOS OPERACIONAIS E GERENCIAMENTO DE CRISES, BEM COMO CONDICIONAMENTO F\u00cdSICO E DEFESA PESSOAL E OUTRAS..<\/p>\n<p style=\"text-align: justify;\">DURANTE TODO O PER\u00cdODO DO CURSO A ESCOLA DE FORMA\u00c7\u00c3O DE SOLDADOS, O EFETIVO PARTICIPA DA REALIZA\u00c7\u00c3O DE GRANDES EVENTOS, TAIS COMO: INSTRU\u00c7\u00d5ES NOTURNAS PARA ADQUIRIREM EXPERI\u00caNCIA EM ATENDIMENTO DE OCORR\u00caNCIAS EM LOCAIS DE BAIXA OU NENHUMA LUMINOSIDADE, TAMB\u00c9M \u00c9 FORTE O SENTIMENTO DE SOLIDARIEDADE DEMONSTRADO ATRAV\u00c9S DE CAMPANHAS DE ARRECADA\u00c7\u00c3O DE LATINHAS, DE AGASALHOS E DE ALIMENTOS QUE \u00c9 REVERTIDO EM PROL DAS FAM\u00cdLIAS CARENTES, EVENTOS EM COMEMORA\u00c7\u00c3O AO DIA DA CRIAN\u00c7A E NATAL, PARTICIPA\u00c7\u00d5ES VOLUNT\u00c1RIAS DE AUX\u00cdLIO EM CONJUNTO COM REPRESENTANTES DE ENTIDADES DA REGI\u00c3O.<\/p>\n<p style=\"text-align: justify;\">TODO ESTE TRABALHO TEM NA ATUALIDADE, A DIRE\u00c7\u00c3O DO COMANDANTE DO BATALH\u00c3O, TENENTE CORONEL PM MARCIO AGAMAMENON GOES DE SOUZA E MAJOR PM IVAN GARCIA DE OLIVEIRA, A COORDENA\u00c7\u00c3O DA CAPIT\u00c3O PM KHEYLLA CAMPOS, ADMINISTRA\u00c7\u00c3O DE ENSINO DOS SARGENTOS HENRIQUE E ELIZABETE, MAS DEVEMOS SEMPRE LEMBRAR DOS QUE PASSARAM POR AQUELE N\u00daCLEO DEIXANDO UM LEGADO DE MUITA DEVO\u00c7\u00c3O E EXPERI\u00caNCIA.<\/p>\n<p style=\"text-align: justify;\">A SEQ\u00dc\u00caNCIA DE V\u00c1RIAS TURMAS DE ALUNOS VEM CONFIRMAR A IMPORT\u00c2NCIA E O RECONHECIMENTO EM N\u00cdVEL REGIONAL E ESTADUAL DA ESCOLA DE FORMA\u00c7\u00c3O DE SOLDADOS DO VIG\u00c9SIMO QUINTO BATALH\u00c3O DE POL\u00cdCIA MILITAR SEDIADA NO MUNIC\u00cdPIO DE JUNQUEIR\u00d3POLIS, CONCRETIZANDO A PREMISSA DE QUE POL\u00cdCIA E COMUNIDADE CAMINHAM JUNTAS BUSCANDO AUMENTAR O SENTIMENTO DE SEGURAN\u00c7A E MELHORIA NA QUALIDADE DE VIDA DA POPULA\u00c7\u00c3O PAULISTA, DEMONSTRANDO QU\u00c3O CERTOS ESTAVAM SEUS IDEALIZADORES, COM VIS\u00c3O DE UM FUTURO PR\u00d3SPERO.<\/p>\n<p style=\"text-align: justify;\">Fonte: Com. Social Pol\u00edcia Militar<\/p>\n<p style=\"text-align: justify;\"><strong>\u00a0<\/strong><\/p>\n<p><strong>\u00a0<\/strong><\/p>\n<p>&nbsp;<\/p>\n<p>&nbsp;<\/p>\n<p>&nbsp;<\/p>\n","protected":false},"excerpt":{"rendered":"<p>A ESCOLA DE FORMA\u00c7\u00c3O DE SOLDADOS DO 25\u00ba BATALH\u00c3O DE POL\u00cdCIA MILITAR DO INTERIOR, SEDIADA NO MUNIC\u00cdPIO DE JUNQUEIR\u00d3POLIS, IDEALIZADA PELAS AUTORIDADES CIVIS E MILITARES, \u00c0 \u00c9POCA, DR. H\u00c9LIO APARECIDO MENDES FURINI-PREFEITO MUNICIPAL E MAJOR PM VADILSON DOS SANTOS-COMANDANTE INTERINO DO VIG\u00c9SIMO QUINTO BATALH\u00c3O DE POL\u00cdCIA MILITAR, TORNOU-SE REALIDADE, A PARTIR DO MOMENTO EM QUE, [&hellip;]<\/p>\n","protected":false},"author":1,"featured_media":49745,"comment_status":"closed","ping_status":"open","sticky":false,"template":"","format":"standard","meta":{"footnotes":""},"categories":[110,2],"tags":[],"class_list":["post-49744","post","type-post","status-publish","format-standard","has-post-thumbnail","hentry","category-noticiasdestaque","category-policial"],"_links":{"self":[{"href":"https:\/\/jorgezanoni.com.br\/2019\/wp-json\/wp\/v2\/posts\/49744","targetHints":{"allow":["GET"]}}],"collection":[{"href":"https:\/\/jorgezanoni.com.br\/2019\/wp-json\/wp\/v2\/posts"}],"about":[{"href":"https:\/\/jorgezanoni.com.br\/2019\/wp-json\/wp\/v2\/types\/post"}],"author":[{"embeddable":true,"href":"https:\/\/jorgezanoni.com.br\/2019\/wp-json\/wp\/v2\/users\/1"}],"replies":[{"embeddable":true,"href":"https:\/\/jorgezanoni.com.br\/2019\/wp-json\/wp\/v2\/comments?post=49744"}],"version-history":[{"count":0,"href":"https:\/\/jorgezanoni.com.br\/2019\/wp-json\/wp\/v2\/posts\/49744\/revisions"}],"wp:featuredmedia":[{"embeddable":true,"href":"https:\/\/jorgezanoni.com.br\/2019\/wp-json\/wp\/v2\/media\/49745"}],"wp:attachment":[{"href":"https:\/\/jorgezanoni.com.br\/2019\/wp-json\/wp\/v2\/media?parent=49744"}],"wp:term":[{"taxonomy":"category","embeddable":true,"href":"https:\/\/jorgezanoni.com.br\/2019\/wp-json\/wp\/v2\/categories?post=49744"},{"taxonomy":"post_tag","embeddable":true,"href":"https:\/\/jorgezanoni.com.br\/2019\/wp-json\/wp\/v2\/tags?post=49744"}],"curies":[{"name":"wp","href":"https:\/\/api.w.org\/{rel}","templated":true}]}}