{"id":49738,"date":"2021-06-22T20:21:13","date_gmt":"2021-06-22T20:21:13","guid":{"rendered":"https:\/\/jorgezanoni.com.br\/2019\/?p=49738"},"modified":"2021-06-22T20:22:11","modified_gmt":"2021-06-22T20:22:11","slug":"o-triste-papel-do-acusador-por-vladimir-de-mattos","status":"publish","type":"post","link":"https:\/\/jorgezanoni.com.br\/2019\/o-triste-papel-do-acusador-por-vladimir-de-mattos\/","title":{"rendered":"O triste papel do acusador (por Vladimir de Mattos)"},"content":{"rendered":"<p style=\"text-align: justify;\"><strong>O TRISTE PAPEL DO ACUSADOR<\/strong><\/p>\n<p style=\"text-align: justify;\">No curso da hist\u00f3ria, o acusador sempre teve papel de destaque.<\/p>\n<p style=\"text-align: justify;\">No entanto, o papel do acusador nunca deixou de ser triste e muito mais \u201ccobrado\u201d que os outros, visto que, para o exerc\u00edcio da acusa\u00e7\u00e3o, sempre \u00e9 preciso ter uma certa dosagem de ira e rancor, apelidada por alguns como simplesmente \u201cdesejo de justi\u00e7a\u201d&#8230;<\/p>\n<p style=\"text-align: justify;\">Dante Alighieri, na primeira parte da \u201cDivina Com\u00e9dia\u201d, mais precisamente o denominado \u201cInferno\u201d, ao descrever rica e detalhadamente os famosos \u201cNove C\u00edrculos do Inferno\u201d, reservou aos acusadores nada menos que o chamado \u201cQuinto C\u00edrculo \u2013 Rio Esfige\u201d, que, resumidamente, \u00e9 assim apresentado:<\/p>\n<p style=\"text-align: justify;\"><em>\u201cNa entrada para este c\u00edrculo est\u00e1 uma cachoeira de \u00e1gua e sangue borbulhante e fervente cuja\u00a0\u00e1gua era mais escura que roxa.\u00a0A \u00e1gua desce algumas praias e forma um lago que se chama\u00a0<a href=\"https:\/\/pt.wikipedia.org\/wiki\/Estige\">Estige<\/a>, onde est\u00e3o amontoados os acusados de\u00a0<\/em><a href=\"https:\/\/pt.wikipedia.org\/wiki\/Ira\"><em>ira<\/em><\/a><em>, que est\u00e3o juntos batendo-se e torturando-se numa raiva sem fim. No fundo do Estige est\u00e3o os rancorosos que nunca demonstraram sua ira; eles n\u00e3o podem subir \u00e0 superf\u00edcie e ficam na lama do fundo do rio, soltando as bolhas que se veem na superf\u00edcie.\u00a0<a href=\"https:\/\/pt.wikipedia.org\/wiki\/Fl%C3%A9gias\">Fl\u00e9gias<\/a>, que incendiou o templo de\u00a0<\/em><a href=\"https:\/\/pt.wikipedia.org\/wiki\/Apolo\"><em>Apolo<\/em><\/a><em>\u00a0por este ter violado sua filha,v\u00eam fazendo com sua barca a travessia do rio Estige. Quando Dante e Virg\u00edlio fazem a travessia,\u00a0Filipe Argenti, um nobre florentino, se agarra ao barco e fala com Dante, sendo depois puxado para o p\u00e2ntano pelos seus companheiros. \u00c9 descrito no final do Canto 7, continua no Canto 8 com a chegada de Fl\u00e9gias, sua descri\u00e7\u00e3o acaba na metade do canto 8.\u201d<\/em><\/p>\n<p style=\"text-align: justify;\">Desde a antiguidade, sempre foi mais f\u00e1cil acusar que defender algu\u00e9m pelo cometimento de algum erro, crime ou pecado.<\/p>\n<p style=\"text-align: justify;\">Na \u00e9poca de Jesus Cristo, por exemplo, coube a P\u00f4ncio Pilatos \u2013 que fazia o papel de acusador e juiz perante o direito romano \u2013 acus\u00e1-lo politicamente de \u201crebeli\u00e3o\u201d, delito que, \u00e0 \u00e9poca, levava \u00e0 pena capital.<\/p>\n<p style=\"text-align: justify;\">Zagrebelsky (2011, p. 85) assim relata:<\/p>\n<p style=\"text-align: justify;\"><em>\u201cMas aos membros do Sin\u00e9drio era necess\u00e1rio o envolvimento de Pilatos, seja porque eles n\u00e3o tinham o poder de mandar Jesus \u00e0 morte, seja porque para eles o aval da autoridade romana fosse essencial por motivos de pol\u00edtica interna por causa do temor de uma rebeli\u00e3o em ocasi\u00e3o da P\u00e1scoa. A alian\u00e7a com a for\u00e7a romana era indispens\u00e1vel em ambos os casos. Portanto, para este fim, era necess\u00e1rio uma acusa\u00e7\u00e3o diferente, que deslocasse o assunto do plano teol\u00f3gico para um plano politico, relevante para os romanos. Assim, Jesus foi acusado de ter instigado o povo \u00e0 revolta incitando-o a n\u00e3o pagar tributos a Cesar, e de ter-se, ele mesmo, proclamado rei: era um <\/em>crimen laesae majestati<em>.\u201d<\/em><\/p>\n<p style=\"text-align: justify;\">Recentemente, mais precisamente em meados do ano de 2014, surgiu no Brasil uma esp\u00e9cie de \u201cmessias\u201d chamado S\u00e9rgio Moro, um juiz implac\u00e1vel que mandou para a cadeia ningu\u00e9m menos que o ex-presidente Lula e v\u00e1rios outros \u201cengravatados\u201d e \u201chomens do colarinho branco\u201d por suspeita de corrup\u00e7\u00e3o, peculato, etc. (nomes po\u00e9ticos dados ao roubo de dinheiro p\u00fablico).<\/p>\n<p style=\"text-align: justify;\">O povo aplaudiu, comemorou, desfilou pelas ruas do pa\u00eds clamando por mais justi\u00e7a, etc. Integrantes de uma certa matriz religiosa chegaram a acoimar o corajoso juiz de \u201ca nova reencarna\u00e7\u00e3o do esp\u00edrito Emmanuel\u201d (sic).<\/p>\n<p style=\"text-align: justify;\">Ap\u00f3s algum tempo, descobriu-se que esse tal juiz tamb\u00e9m errara, pois \u201cacumulou\u201d, sem previs\u00e3o legal, o papel de acusador e juiz.<\/p>\n<p style=\"text-align: justify;\">E a exemplo do processo sofrido por Jesus Cristo, que tamb\u00e9m fora preso para \u201cmanter a ordem\u201d, os processos de Lula est\u00e3o sendo todos anulados pelo mesmo motivo, ou seja, ILEGALIDADES PROCESSUAIS.<\/p>\n<p style=\"text-align: justify;\">Hoje, estamos vivenciando uma verdadeira ca\u00e7ada a um \u201cmonstro\u201d chamado L\u00e1zaro, que, a despeito de nutrir o \u00f3dio mortal de quase toda uma na\u00e7\u00e3o (?), est\u00e1 dando um verdadeiro baile em quase 500 policiais que est\u00e3o \u00e0 sua procura diuturnamente. Quais as ilegalidades processuais que ser\u00e3o (ou j\u00e1 est\u00e3o sendo) cometidas nesse caso? Apenas o tempo nos dir\u00e1&#8230;<\/p>\n<p style=\"text-align: justify;\">E o que tudo isso quer dizer, indaga o caro leitor?!?<\/p>\n<p style=\"text-align: justify;\">Quer dizer que para fazer o papel de acusador \u00e9 preciso ter, dentre outras, responsabilidade, \u00e9tica e PROFISSIONALISMO.<\/p>\n<p style=\"text-align: justify;\">Profissionalismo sim, pois acusar n\u00e3o \u00e9 e nunca foi, definitivamente, um papel de amadores, pois, para muito al\u00e9m de \u201cjogar para a plateia\u201d, \u00e9 preciso saber e dominar a arte da acusa\u00e7\u00e3o, principalmente quando ela se reveste de car\u00e1ter pol\u00edtico, a exemplo dos casos acima citados.<\/p>\n<p style=\"text-align: justify;\">Ah, tamb\u00e9m n\u00e3o podemos nos esquecer de dois outros \u201crequisitos\u201d imprescind\u00edveis para ser um bom acusador, a saber:<\/p>\n<ul style=\"text-align: justify;\">\n<li>CULH\u00c3O para enfrentar cr\u00edticas quando eventualmente errar, pois de ningu\u00e9m nunca foi escondida a m\u00e1xima de que, quando apontamos o dedo indicador para acusar algu\u00e9m, outros tr\u00eas ficam apontados para n\u00f3s mesmos; logo, a \u201cconta\u201d a ser cobrada dos acusadores \u00e9 sempre maior que a dos demais;<\/li>\n<li>SABER PERDER, pois, embora perder n\u00e3o seja nada bom, saber perder \u00e9, no m\u00ednimo, inteligente; do contr\u00e1rio, resta apenas choro e \u201cmimimi\u201d.<\/li>\n<\/ul>\n<p style=\"text-align: justify;\">A prop\u00f3sito, o ex-juiz S\u00e9rgio Moro sumiu, P\u00f4ncio Pilatos ningu\u00e9m mais viu e quem julgar\u00e1 L\u00e1zaro (se ele for pego vivo) ningu\u00e9m sabe!<\/p>\n<p style=\"text-align: justify;\">Finalmente, se depois de tudo isso voc\u00ea ainda quiser fazer o papel de acusador, estude bastante e o fa\u00e7a profissionalmente, sob pena de cair no descr\u00e9dito popular e ser duramente julgado pelos seus atos, pois as mesmas pedras que um dia atingiram a quem voc\u00ea acusou, muito provavelmente o atingir\u00e3o em n\u00e3o muito tempo.<\/p>\n<p style=\"text-align: justify;\"><a href=\"mailto:vladimirdemattos@hotmail.com\">vladimirdemattos@hotmail.com<\/a><\/p>\n","protected":false},"excerpt":{"rendered":"<p>O TRISTE PAPEL DO ACUSADOR No curso da hist\u00f3ria, o acusador sempre teve papel de destaque. No entanto, o papel do acusador nunca deixou de ser triste e muito mais \u201ccobrado\u201d que os outros, visto que, para o exerc\u00edcio da acusa\u00e7\u00e3o, sempre \u00e9 preciso ter uma certa dosagem de ira e rancor, apelidada por alguns [&hellip;]<\/p>\n","protected":false},"author":1,"featured_media":49739,"comment_status":"closed","ping_status":"open","sticky":false,"template":"","format":"standard","meta":{"footnotes":""},"categories":[175],"tags":[],"class_list":["post-49738","post","type-post","status-publish","format-standard","has-post-thumbnail","hentry","category-artigos"],"_links":{"self":[{"href":"https:\/\/jorgezanoni.com.br\/2019\/wp-json\/wp\/v2\/posts\/49738","targetHints":{"allow":["GET"]}}],"collection":[{"href":"https:\/\/jorgezanoni.com.br\/2019\/wp-json\/wp\/v2\/posts"}],"about":[{"href":"https:\/\/jorgezanoni.com.br\/2019\/wp-json\/wp\/v2\/types\/post"}],"author":[{"embeddable":true,"href":"https:\/\/jorgezanoni.com.br\/2019\/wp-json\/wp\/v2\/users\/1"}],"replies":[{"embeddable":true,"href":"https:\/\/jorgezanoni.com.br\/2019\/wp-json\/wp\/v2\/comments?post=49738"}],"version-history":[{"count":0,"href":"https:\/\/jorgezanoni.com.br\/2019\/wp-json\/wp\/v2\/posts\/49738\/revisions"}],"wp:featuredmedia":[{"embeddable":true,"href":"https:\/\/jorgezanoni.com.br\/2019\/wp-json\/wp\/v2\/media\/49739"}],"wp:attachment":[{"href":"https:\/\/jorgezanoni.com.br\/2019\/wp-json\/wp\/v2\/media?parent=49738"}],"wp:term":[{"taxonomy":"category","embeddable":true,"href":"https:\/\/jorgezanoni.com.br\/2019\/wp-json\/wp\/v2\/categories?post=49738"},{"taxonomy":"post_tag","embeddable":true,"href":"https:\/\/jorgezanoni.com.br\/2019\/wp-json\/wp\/v2\/tags?post=49738"}],"curies":[{"name":"wp","href":"https:\/\/api.w.org\/{rel}","templated":true}]}}