{"id":49724,"date":"2021-06-22T16:18:04","date_gmt":"2021-06-22T16:18:04","guid":{"rendered":"https:\/\/jorgezanoni.com.br\/2019\/?p=49724"},"modified":"2021-06-22T16:57:21","modified_gmt":"2021-06-22T16:57:21","slug":"conheca-a-interessante-historia-da-arara-jade-de-bataguassu-ms","status":"publish","type":"post","link":"https:\/\/jorgezanoni.com.br\/2019\/conheca-a-interessante-historia-da-arara-jade-de-bataguassu-ms\/","title":{"rendered":"Conhe\u00e7a a interessante hist\u00f3ria da Arara Jade de Bataguass\u00fa\/MS."},"content":{"rendered":"<p><strong>Arara que virou estr\u00eala e esteve at\u00e9 na TV em n\u00edvel nacional, \u00e9 chamada de &#8220;Meu Beb\u00ea&#8221; pela moradora de Bataguass\u00fa Sandra Rocha, a &#8220;M\u00e3e&#8221; que a adotou.<\/strong><\/p>\n<p style=\"text-align: justify;\">Uma Arara Canind\u00e9 que \u00e9 muito bem cuidada, tem at\u00e9 rede social: @ararajade2.19 \u00e9 destaque em cidade do Mato Grosso do Sul. Est\u00e1 completando 9 anos de idade.<\/p>\n<p style=\"text-align: justify;\">Ela teve participa\u00e7\u00e3o especial no programa Domingo Espetacular da TV Record e TV Hoje Mais de Tr\u00eas Lagoas no programa apresentado por Aurora Villalba.<\/p>\n<p style=\"text-align: justify;\">A hist\u00f3ria da Jade \u00e9 muito interessante, no ano de 2012 ela foi localizada por um funcion\u00e1rio de uma fazenda num buraco de madeira, onde havia muitas larvas, sendo que estava com a asa direita com parte comida (seu irm\u00e3o j\u00e1 estava morto), isso fez com que ela nunca voasse.<\/p>\n<p style=\"text-align: justify;\">Desde ent\u00e3o foi adotada pela &#8220;M\u00e3e&#8221;, que teve uma decep\u00e7\u00e3o ap\u00f3s uma den\u00fancia , onde a Policia Ambiental acabou recolhendo a Ave. Ap\u00f3s divulga\u00e7\u00e3o do desespero nas redes sociais e contar com apoio de amigos e pessoas ligadas ao Meio Ambiente, uma mulher comprou a id\u00e9ia e entrou com uma a\u00e7\u00e3o e divulga\u00e7\u00e3o do caso.<\/p>\n<p style=\"text-align: justify;\">Desta a\u00e7\u00e3o e divulga\u00e7\u00e3o, resultou na arrecada\u00e7\u00e3o de um certo valor em dinheiro, inclusive vindo do exterior (Portugal), para pagar uma poss\u00edvel multa, de colaboradores que acabaram sendo intitulados de &#8220;Padrinhos da Jade&#8221; e ap\u00f3s exatos 7 anos e 18 dias, Sandra teve o animal de estima\u00e7\u00e3o de volta, por determina\u00e7\u00e3o da Justi\u00e7a que concedeu uma liminar.<\/p>\n<p style=\"text-align: justify;\">A Ave foi buscada em Campo Grande\/MS. onde se encontravam &#8220;detida&#8221; e passou novamente a conviver com o carinho dispensado a ela 24 Horas por dia.<\/p>\n<p style=\"text-align: justify;\">Programas de TV como o Doming\u00e3o do Faust\u00e3o e outros, convidaram a Jade e sua cuidadora para participarem, por\u00e9m a Ave \u00e9 muito desconfiada e fica apavorada quando v\u00ea algu\u00e9m de Jal\u00e9co achando que s\u00e3o fiscais, por isso a n\u00e3o participa\u00e7\u00e3o em respeito a ela.<\/p>\n<p><img loading=\"lazy\" decoding=\"async\" class=\"alignnone size-full wp-image-49726\" src=\"https:\/\/jorgezanoni.com.br\/2019\/wp-content\/uploads\/2021\/06\/arara1.jpg\" alt=\"\" width=\"1067\" height=\"1280\" srcset=\"https:\/\/jorgezanoni.com.br\/2019\/wp-content\/uploads\/2021\/06\/arara1.jpg 1067w, https:\/\/jorgezanoni.com.br\/2019\/wp-content\/uploads\/2021\/06\/arara1-250x300.jpg 250w, https:\/\/jorgezanoni.com.br\/2019\/wp-content\/uploads\/2021\/06\/arara1-854x1024.jpg 854w, https:\/\/jorgezanoni.com.br\/2019\/wp-content\/uploads\/2021\/06\/arara1-768x921.jpg 768w, https:\/\/jorgezanoni.com.br\/2019\/wp-content\/uploads\/2021\/06\/arara1-696x835.jpg 696w, https:\/\/jorgezanoni.com.br\/2019\/wp-content\/uploads\/2021\/06\/arara1-350x420.jpg 350w\" sizes=\"auto, (max-width: 1067px) 100vw, 1067px\" \/> <img loading=\"lazy\" decoding=\"async\" class=\"alignnone size-full wp-image-49727\" src=\"https:\/\/jorgezanoni.com.br\/2019\/wp-content\/uploads\/2021\/06\/arara2.jpg\" alt=\"\" width=\"1064\" height=\"1280\" srcset=\"https:\/\/jorgezanoni.com.br\/2019\/wp-content\/uploads\/2021\/06\/arara2.jpg 1064w, https:\/\/jorgezanoni.com.br\/2019\/wp-content\/uploads\/2021\/06\/arara2-249x300.jpg 249w, https:\/\/jorgezanoni.com.br\/2019\/wp-content\/uploads\/2021\/06\/arara2-851x1024.jpg 851w, https:\/\/jorgezanoni.com.br\/2019\/wp-content\/uploads\/2021\/06\/arara2-768x924.jpg 768w, https:\/\/jorgezanoni.com.br\/2019\/wp-content\/uploads\/2021\/06\/arara2-696x837.jpg 696w, https:\/\/jorgezanoni.com.br\/2019\/wp-content\/uploads\/2021\/06\/arara2-349x420.jpg 349w\" sizes=\"auto, (max-width: 1064px) 100vw, 1064px\" \/><\/p>\n<p style=\"text-align: justify;\">Jorge Zanoni<\/p>\n<p style=\"text-align: justify;\">Fotos cedidas<\/p>\n<p>&nbsp;<\/p>\n<p>&nbsp;<\/p>\n","protected":false},"excerpt":{"rendered":"<p>Arara que virou estr\u00eala e esteve at\u00e9 na TV em n\u00edvel nacional, \u00e9 chamada de &#8220;Meu Beb\u00ea&#8221; pela moradora de Bataguass\u00fa Sandra Rocha, a &#8220;M\u00e3e&#8221; que a adotou. Uma Arara Canind\u00e9 que \u00e9 muito bem cuidada, tem at\u00e9 rede social: @ararajade2.19 \u00e9 destaque em cidade do Mato Grosso do Sul. Est\u00e1 completando 9 anos de [&hellip;]<\/p>\n","protected":false},"author":1,"featured_media":49725,"comment_status":"closed","ping_status":"open","sticky":false,"template":"","format":"standard","meta":{"footnotes":""},"categories":[176,110],"tags":[],"class_list":["post-49724","post","type-post","status-publish","format-standard","has-post-thumbnail","hentry","category-meioambienteeagricultura","category-noticiasdestaque"],"_links":{"self":[{"href":"https:\/\/jorgezanoni.com.br\/2019\/wp-json\/wp\/v2\/posts\/49724","targetHints":{"allow":["GET"]}}],"collection":[{"href":"https:\/\/jorgezanoni.com.br\/2019\/wp-json\/wp\/v2\/posts"}],"about":[{"href":"https:\/\/jorgezanoni.com.br\/2019\/wp-json\/wp\/v2\/types\/post"}],"author":[{"embeddable":true,"href":"https:\/\/jorgezanoni.com.br\/2019\/wp-json\/wp\/v2\/users\/1"}],"replies":[{"embeddable":true,"href":"https:\/\/jorgezanoni.com.br\/2019\/wp-json\/wp\/v2\/comments?post=49724"}],"version-history":[{"count":0,"href":"https:\/\/jorgezanoni.com.br\/2019\/wp-json\/wp\/v2\/posts\/49724\/revisions"}],"wp:featuredmedia":[{"embeddable":true,"href":"https:\/\/jorgezanoni.com.br\/2019\/wp-json\/wp\/v2\/media\/49725"}],"wp:attachment":[{"href":"https:\/\/jorgezanoni.com.br\/2019\/wp-json\/wp\/v2\/media?parent=49724"}],"wp:term":[{"taxonomy":"category","embeddable":true,"href":"https:\/\/jorgezanoni.com.br\/2019\/wp-json\/wp\/v2\/categories?post=49724"},{"taxonomy":"post_tag","embeddable":true,"href":"https:\/\/jorgezanoni.com.br\/2019\/wp-json\/wp\/v2\/tags?post=49724"}],"curies":[{"name":"wp","href":"https:\/\/api.w.org\/{rel}","templated":true}]}}