{"id":49708,"date":"2021-06-22T12:28:20","date_gmt":"2021-06-22T12:28:20","guid":{"rendered":"https:\/\/jorgezanoni.com.br\/2019\/?p=49708"},"modified":"2021-06-22T15:21:47","modified_gmt":"2021-06-22T15:21:47","slug":"aniversariantes-do-dia-22-06-21","status":"publish","type":"post","link":"https:\/\/jorgezanoni.com.br\/2019\/aniversariantes-do-dia-22-06-21\/","title":{"rendered":"Aniversariantes do Dia 22\/06\/21"},"content":{"rendered":"<p>PARABENIZAMOS OS ANIVERSARIANTES DE HOJE:<\/p>\n<p><img loading=\"lazy\" decoding=\"async\" class=\"alignnone size-full wp-image-49715\" src=\"https:\/\/jorgezanoni.com.br\/2019\/wp-content\/uploads\/2021\/06\/\u00c9lica.jpg\" alt=\"\" width=\"1200\" height=\"1600\" srcset=\"https:\/\/jorgezanoni.com.br\/2019\/wp-content\/uploads\/2021\/06\/\u00c9lica.jpg 1200w, https:\/\/jorgezanoni.com.br\/2019\/wp-content\/uploads\/2021\/06\/\u00c9lica-225x300.jpg 225w, https:\/\/jorgezanoni.com.br\/2019\/wp-content\/uploads\/2021\/06\/\u00c9lica-768x1024.jpg 768w, https:\/\/jorgezanoni.com.br\/2019\/wp-content\/uploads\/2021\/06\/\u00c9lica-1152x1536.jpg 1152w, https:\/\/jorgezanoni.com.br\/2019\/wp-content\/uploads\/2021\/06\/\u00c9lica-696x928.jpg 696w, https:\/\/jorgezanoni.com.br\/2019\/wp-content\/uploads\/2021\/06\/\u00c9lica-1068x1424.jpg 1068w, https:\/\/jorgezanoni.com.br\/2019\/wp-content\/uploads\/2021\/06\/\u00c9lica-315x420.jpg 315w\" sizes=\"auto, (max-width: 1200px) 100vw, 1200px\" \/>\u00c9lica Moralles<\/p>\n<p><img loading=\"lazy\" decoding=\"async\" class=\"alignnone size-full wp-image-49709\" src=\"https:\/\/jorgezanoni.com.br\/2019\/wp-content\/uploads\/2021\/06\/Fabricio-Rimoldi.jpg\" alt=\"\" width=\"960\" height=\"960\" srcset=\"https:\/\/jorgezanoni.com.br\/2019\/wp-content\/uploads\/2021\/06\/Fabricio-Rimoldi.jpg 960w, https:\/\/jorgezanoni.com.br\/2019\/wp-content\/uploads\/2021\/06\/Fabricio-Rimoldi-300x300.jpg 300w, https:\/\/jorgezanoni.com.br\/2019\/wp-content\/uploads\/2021\/06\/Fabricio-Rimoldi-150x150.jpg 150w, https:\/\/jorgezanoni.com.br\/2019\/wp-content\/uploads\/2021\/06\/Fabricio-Rimoldi-768x768.jpg 768w, https:\/\/jorgezanoni.com.br\/2019\/wp-content\/uploads\/2021\/06\/Fabricio-Rimoldi-696x696.jpg 696w, https:\/\/jorgezanoni.com.br\/2019\/wp-content\/uploads\/2021\/06\/Fabricio-Rimoldi-420x420.jpg 420w\" sizes=\"auto, (max-width: 960px) 100vw, 960px\" \/>Fabricio Rimoldi<\/p>\n<p><img loading=\"lazy\" decoding=\"async\" class=\"alignnone size-full wp-image-49710\" src=\"https:\/\/jorgezanoni.com.br\/2019\/wp-content\/uploads\/2021\/06\/Hamilton-Melo.jpg\" alt=\"\" width=\"2048\" height=\"2041\" srcset=\"https:\/\/jorgezanoni.com.br\/2019\/wp-content\/uploads\/2021\/06\/Hamilton-Melo.jpg 2048w, https:\/\/jorgezanoni.com.br\/2019\/wp-content\/uploads\/2021\/06\/Hamilton-Melo-300x300.jpg 300w, https:\/\/jorgezanoni.com.br\/2019\/wp-content\/uploads\/2021\/06\/Hamilton-Melo-1024x1021.jpg 1024w, https:\/\/jorgezanoni.com.br\/2019\/wp-content\/uploads\/2021\/06\/Hamilton-Melo-150x150.jpg 150w, https:\/\/jorgezanoni.com.br\/2019\/wp-content\/uploads\/2021\/06\/Hamilton-Melo-768x765.jpg 768w, https:\/\/jorgezanoni.com.br\/2019\/wp-content\/uploads\/2021\/06\/Hamilton-Melo-1536x1531.jpg 1536w, https:\/\/jorgezanoni.com.br\/2019\/wp-content\/uploads\/2021\/06\/Hamilton-Melo-696x694.jpg 696w, https:\/\/jorgezanoni.com.br\/2019\/wp-content\/uploads\/2021\/06\/Hamilton-Melo-1068x1064.jpg 1068w, https:\/\/jorgezanoni.com.br\/2019\/wp-content\/uploads\/2021\/06\/Hamilton-Melo-421x420.jpg 421w\" sizes=\"auto, (max-width: 2048px) 100vw, 2048px\" \/>Hamilton Melo<\/p>\n<p><img loading=\"lazy\" decoding=\"async\" class=\"alignnone size-full wp-image-49721\" src=\"https:\/\/jorgezanoni.com.br\/2019\/wp-content\/uploads\/2021\/06\/Un\u00eaz-Esp\u00edndola-da-Silva-cg-84.jpg\" alt=\"\" width=\"340\" height=\"380\" srcset=\"https:\/\/jorgezanoni.com.br\/2019\/wp-content\/uploads\/2021\/06\/Un\u00eaz-Esp\u00edndola-da-Silva-cg-84.jpg 340w, https:\/\/jorgezanoni.com.br\/2019\/wp-content\/uploads\/2021\/06\/Un\u00eaz-Esp\u00edndola-da-Silva-cg-84-268x300.jpg 268w\" sizes=\"auto, (max-width: 340px) 100vw, 340px\" \/>In\u00eas Sp\u00edndola da Silva (84 anos) de Campo Grande\/MS.<\/p>\n<p><img loading=\"lazy\" decoding=\"async\" class=\"alignnone size-full wp-image-49711\" src=\"https:\/\/jorgezanoni.com.br\/2019\/wp-content\/uploads\/2021\/06\/Mafalda-de-Souza-2.jpg\" alt=\"\" width=\"1237\" height=\"1310\" srcset=\"https:\/\/jorgezanoni.com.br\/2019\/wp-content\/uploads\/2021\/06\/Mafalda-de-Souza-2.jpg 1237w, https:\/\/jorgezanoni.com.br\/2019\/wp-content\/uploads\/2021\/06\/Mafalda-de-Souza-2-283x300.jpg 283w, https:\/\/jorgezanoni.com.br\/2019\/wp-content\/uploads\/2021\/06\/Mafalda-de-Souza-2-967x1024.jpg 967w, https:\/\/jorgezanoni.com.br\/2019\/wp-content\/uploads\/2021\/06\/Mafalda-de-Souza-2-768x813.jpg 768w, https:\/\/jorgezanoni.com.br\/2019\/wp-content\/uploads\/2021\/06\/Mafalda-de-Souza-2-696x737.jpg 696w, https:\/\/jorgezanoni.com.br\/2019\/wp-content\/uploads\/2021\/06\/Mafalda-de-Souza-2-1068x1131.jpg 1068w, https:\/\/jorgezanoni.com.br\/2019\/wp-content\/uploads\/2021\/06\/Mafalda-de-Souza-2-397x420.jpg 397w\" sizes=\"auto, (max-width: 1237px) 100vw, 1237px\" \/>Mafalda de Souza<\/p>\n<p><img loading=\"lazy\" decoding=\"async\" class=\"alignnone size-full wp-image-49712\" src=\"https:\/\/jorgezanoni.com.br\/2019\/wp-content\/uploads\/2021\/06\/Maiane-Oliveira.jpg\" alt=\"\" width=\"958\" height=\"959\" srcset=\"https:\/\/jorgezanoni.com.br\/2019\/wp-content\/uploads\/2021\/06\/Maiane-Oliveira.jpg 958w, https:\/\/jorgezanoni.com.br\/2019\/wp-content\/uploads\/2021\/06\/Maiane-Oliveira-300x300.jpg 300w, https:\/\/jorgezanoni.com.br\/2019\/wp-content\/uploads\/2021\/06\/Maiane-Oliveira-150x150.jpg 150w, https:\/\/jorgezanoni.com.br\/2019\/wp-content\/uploads\/2021\/06\/Maiane-Oliveira-768x769.jpg 768w, https:\/\/jorgezanoni.com.br\/2019\/wp-content\/uploads\/2021\/06\/Maiane-Oliveira-696x697.jpg 696w, https:\/\/jorgezanoni.com.br\/2019\/wp-content\/uploads\/2021\/06\/Maiane-Oliveira-420x420.jpg 420w\" sizes=\"auto, (max-width: 958px) 100vw, 958px\" \/>Maiane Oliveira<\/p>\n<p><img loading=\"lazy\" decoding=\"async\" class=\"alignnone size-full wp-image-49713\" src=\"https:\/\/jorgezanoni.com.br\/2019\/wp-content\/uploads\/2021\/06\/Rafael-Pazian-Maximus.jpg\" alt=\"\" width=\"691\" height=\"691\" srcset=\"https:\/\/jorgezanoni.com.br\/2019\/wp-content\/uploads\/2021\/06\/Rafael-Pazian-Maximus.jpg 691w, https:\/\/jorgezanoni.com.br\/2019\/wp-content\/uploads\/2021\/06\/Rafael-Pazian-Maximus-300x300.jpg 300w, https:\/\/jorgezanoni.com.br\/2019\/wp-content\/uploads\/2021\/06\/Rafael-Pazian-Maximus-150x150.jpg 150w, https:\/\/jorgezanoni.com.br\/2019\/wp-content\/uploads\/2021\/06\/Rafael-Pazian-Maximus-420x420.jpg 420w\" sizes=\"auto, (max-width: 691px) 100vw, 691px\" \/>Rafael Pazian Maximus<\/p>\n<p><img loading=\"lazy\" decoding=\"async\" class=\"alignnone size-full wp-image-49722\" src=\"https:\/\/jorgezanoni.com.br\/2019\/wp-content\/uploads\/2021\/06\/Renan-Rocha-da-Silva-Santos-Bagassu-18.jpg\" alt=\"\" width=\"824\" height=\"1236\" srcset=\"https:\/\/jorgezanoni.com.br\/2019\/wp-content\/uploads\/2021\/06\/Renan-Rocha-da-Silva-Santos-Bagassu-18.jpg 824w, https:\/\/jorgezanoni.com.br\/2019\/wp-content\/uploads\/2021\/06\/Renan-Rocha-da-Silva-Santos-Bagassu-18-200x300.jpg 200w, https:\/\/jorgezanoni.com.br\/2019\/wp-content\/uploads\/2021\/06\/Renan-Rocha-da-Silva-Santos-Bagassu-18-683x1024.jpg 683w, https:\/\/jorgezanoni.com.br\/2019\/wp-content\/uploads\/2021\/06\/Renan-Rocha-da-Silva-Santos-Bagassu-18-768x1152.jpg 768w, https:\/\/jorgezanoni.com.br\/2019\/wp-content\/uploads\/2021\/06\/Renan-Rocha-da-Silva-Santos-Bagassu-18-696x1044.jpg 696w, https:\/\/jorgezanoni.com.br\/2019\/wp-content\/uploads\/2021\/06\/Renan-Rocha-da-Silva-Santos-Bagassu-18-280x420.jpg 280w\" sizes=\"auto, (max-width: 824px) 100vw, 824px\" \/>Renan Rocha da Silva Santos (18) anos de Bataguass\u00fa\/MS.<\/p>\n","protected":false},"excerpt":{"rendered":"<p>PARABENIZAMOS OS ANIVERSARIANTES DE HOJE: \u00c9lica Moralles Fabricio Rimoldi Hamilton Melo In\u00eas Sp\u00edndola da Silva (84 anos) de Campo Grande\/MS. Mafalda de Souza Maiane Oliveira Rafael Pazian Maximus Renan Rocha da Silva Santos (18) anos de Bataguass\u00fa\/MS.<\/p>\n","protected":false},"author":1,"featured_media":49712,"comment_status":"closed","ping_status":"open","sticky":false,"template":"","format":"standard","meta":{"footnotes":""},"categories":[174],"tags":[],"class_list":["post-49708","post","type-post","status-publish","format-standard","has-post-thumbnail","hentry","category-aniversariantes"],"_links":{"self":[{"href":"https:\/\/jorgezanoni.com.br\/2019\/wp-json\/wp\/v2\/posts\/49708","targetHints":{"allow":["GET"]}}],"collection":[{"href":"https:\/\/jorgezanoni.com.br\/2019\/wp-json\/wp\/v2\/posts"}],"about":[{"href":"https:\/\/jorgezanoni.com.br\/2019\/wp-json\/wp\/v2\/types\/post"}],"author":[{"embeddable":true,"href":"https:\/\/jorgezanoni.com.br\/2019\/wp-json\/wp\/v2\/users\/1"}],"replies":[{"embeddable":true,"href":"https:\/\/jorgezanoni.com.br\/2019\/wp-json\/wp\/v2\/comments?post=49708"}],"version-history":[{"count":0,"href":"https:\/\/jorgezanoni.com.br\/2019\/wp-json\/wp\/v2\/posts\/49708\/revisions"}],"wp:featuredmedia":[{"embeddable":true,"href":"https:\/\/jorgezanoni.com.br\/2019\/wp-json\/wp\/v2\/media\/49712"}],"wp:attachment":[{"href":"https:\/\/jorgezanoni.com.br\/2019\/wp-json\/wp\/v2\/media?parent=49708"}],"wp:term":[{"taxonomy":"category","embeddable":true,"href":"https:\/\/jorgezanoni.com.br\/2019\/wp-json\/wp\/v2\/categories?post=49708"},{"taxonomy":"post_tag","embeddable":true,"href":"https:\/\/jorgezanoni.com.br\/2019\/wp-json\/wp\/v2\/tags?post=49708"}],"curies":[{"name":"wp","href":"https:\/\/api.w.org\/{rel}","templated":true}]}}