{"id":49689,"date":"2021-06-21T20:53:17","date_gmt":"2021-06-21T20:53:17","guid":{"rendered":"https:\/\/jorgezanoni.com.br\/2019\/?p=49689"},"modified":"2021-06-21T20:53:17","modified_gmt":"2021-06-21T20:53:17","slug":"ultimos-dias-para-inscricao-no-vestibular-de-medicina-na-unifadra-de-dracena","status":"publish","type":"post","link":"https:\/\/jorgezanoni.com.br\/2019\/ultimos-dias-para-inscricao-no-vestibular-de-medicina-na-unifadra-de-dracena\/","title":{"rendered":"\u00daltimos dias para inscri\u00e7\u00e3o no vestibular de Medicina na Unifadra de Dracena"},"content":{"rendered":"<div dir=\"ltr\" style=\"text-align: justify;\"><span style=\"font-size: large;\"><strong>Encerram no dia 30 de junho as inscri\u00e7\u00f5es para o Vestibular de Inverno de Medicina na Unifadra de Dracena. N\u00e3o haver\u00e1 prova presencial e o candidato dever\u00e1 utilizar somente sua nota do ENEM (de 2010 a 2019).<\/strong><\/p>\n<p>Este vestibular \u00e9 para ingresso em 2022 e s\u00e3o oferecidas 45 vagas. As inscri\u00e7\u00f5es ainda podem ser feitas pelo site da Vunesp (<a href=\"http:\/\/www.vunesp.com.br\/FDEC2101\" target=\"_blank\" rel=\"noopener noreferrer\">www.vunesp.com.br\/FDEC2101<\/a>).<\/p>\n<p>CURSOS NOTURNOS<\/p>\n<p>At\u00e9 o dia 28 de junho, os cursos noturnos An\u00e1lise e Desenvolvimento de Sistemas, Artes Visuais, Ci\u00eancias Biol\u00f3gicas, Educa\u00e7\u00e3o F\u00edsica, Enfermagem, Letras, Matem\u00e1tica, Pedagogia e Psicologia oferecem aos candidatos tr\u00eas formas de ingresso para escolher:<\/p>\n<p>1) se inscrever com a nota do ENEM de 2010 a 2019 (sem a necessidade de realizar uma prova).<br \/>\n2) fazer o vestibular agendado presencial (agendar sua prova no site da Fundec e prestar o vestibular individualmente na institui\u00e7\u00e3o, seguindo os protocolos sanit\u00e1rios).<br \/>\n3) realizar a Prova On-line (em que os candidatos far\u00e3o uma reda\u00e7\u00e3o on-line, pelo site da Fundec, com data e hor\u00e1rio pr\u00e9-agendados).<\/span><\/div>\n<div dir=\"ltr\" style=\"text-align: justify;\"><span style=\"font-size: large;\"><br \/>\nO vestibular dos cursos noturnos \u00e9 para reserva de vagas para 2022. O edital e as inscri\u00e7\u00f5es dos cursos noturnos est\u00e3o dispon\u00edveis no site\u00a0<a href=\"http:\/\/www.fundec.edu.br\/unifadra\/vestibular\" target=\"_blank\" rel=\"noopener noreferrer\">www.fundec.edu.br\/unifadra\/vestibular<\/a>\u00a0.<\/p>\n<p>Informa\u00e7\u00f5es: Secretaria Geral (18) 3821-9000 ou pelo Whatsapp (18) 99634-0383 (atendimento das 8h \u00e0s 17h).<\/span><\/div>\n<div dir=\"ltr\" style=\"text-align: justify;\"><\/div>\n<div dir=\"ltr\" style=\"text-align: justify;\">Fonte: Departamento de Comunica\u00e7\u00e3o Fundec<\/div>\n","protected":false},"excerpt":{"rendered":"<p>Encerram no dia 30 de junho as inscri\u00e7\u00f5es para o Vestibular de Inverno de Medicina na Unifadra de Dracena. N\u00e3o haver\u00e1 prova presencial e o candidato dever\u00e1 utilizar somente sua nota do ENEM (de 2010 a 2019). Este vestibular \u00e9 para ingresso em 2022 e s\u00e3o oferecidas 45 vagas. As inscri\u00e7\u00f5es ainda podem ser feitas [&hellip;]<\/p>\n","protected":false},"author":1,"featured_media":49690,"comment_status":"closed","ping_status":"open","sticky":false,"template":"","format":"standard","meta":{"footnotes":""},"categories":[122],"tags":[],"class_list":["post-49689","post","type-post","status-publish","format-standard","has-post-thumbnail","hentry","category-saudeeducacaoeconcurso"],"_links":{"self":[{"href":"https:\/\/jorgezanoni.com.br\/2019\/wp-json\/wp\/v2\/posts\/49689","targetHints":{"allow":["GET"]}}],"collection":[{"href":"https:\/\/jorgezanoni.com.br\/2019\/wp-json\/wp\/v2\/posts"}],"about":[{"href":"https:\/\/jorgezanoni.com.br\/2019\/wp-json\/wp\/v2\/types\/post"}],"author":[{"embeddable":true,"href":"https:\/\/jorgezanoni.com.br\/2019\/wp-json\/wp\/v2\/users\/1"}],"replies":[{"embeddable":true,"href":"https:\/\/jorgezanoni.com.br\/2019\/wp-json\/wp\/v2\/comments?post=49689"}],"version-history":[{"count":0,"href":"https:\/\/jorgezanoni.com.br\/2019\/wp-json\/wp\/v2\/posts\/49689\/revisions"}],"wp:featuredmedia":[{"embeddable":true,"href":"https:\/\/jorgezanoni.com.br\/2019\/wp-json\/wp\/v2\/media\/49690"}],"wp:attachment":[{"href":"https:\/\/jorgezanoni.com.br\/2019\/wp-json\/wp\/v2\/media?parent=49689"}],"wp:term":[{"taxonomy":"category","embeddable":true,"href":"https:\/\/jorgezanoni.com.br\/2019\/wp-json\/wp\/v2\/categories?post=49689"},{"taxonomy":"post_tag","embeddable":true,"href":"https:\/\/jorgezanoni.com.br\/2019\/wp-json\/wp\/v2\/tags?post=49689"}],"curies":[{"name":"wp","href":"https:\/\/api.w.org\/{rel}","templated":true}]}}