{"id":49678,"date":"2021-06-21T16:58:48","date_gmt":"2021-06-21T16:58:48","guid":{"rendered":"https:\/\/jorgezanoni.com.br\/2019\/?p=49678"},"modified":"2021-06-21T16:58:48","modified_gmt":"2021-06-21T16:58:48","slug":"caso-sara-scarabelli-em-decisao-do-presidente-da-camara-processo-foi-arquivado","status":"publish","type":"post","link":"https:\/\/jorgezanoni.com.br\/2019\/caso-sara-scarabelli-em-decisao-do-presidente-da-camara-processo-foi-arquivado\/","title":{"rendered":"CASO SARA SCARABELLI: Em decis\u00e3o do Presidente da C\u00e2mara processo foi arquivado"},"content":{"rendered":"<p><strong>Maioria dos Vereadores e grande parte da popula\u00e7\u00e3o est\u00e1 sem entender a decis\u00e3o.<\/strong><\/p>\n<p style=\"text-align: justify;\">Em reuni\u00e3o que durou praticamente uma hora, o pedido de poss\u00edvel Cassa\u00e7\u00e3o da Vereadora Sara Scarabelli que tinha como solicitantes o Vereador Davi Silva e o cidad\u00e3o Bruno Brandino, acabou sendo arquivado.<\/p>\n<p style=\"text-align: justify;\">Depois de muitas reuni\u00f5es e tempo gasto, o trabalho que envolveu a Comiss\u00e3o Processante e o desgaste e cansa\u00e7o, tiveram um desfecho totalmente inesperado.<\/p>\n<p style=\"text-align: justify;\">Como sempre \u00e9 consultado o plen\u00e1rio para decis\u00f5es importantes da Casa de Leis, os Vereadores entendem que teriam que ter votado ou n\u00e3o pelo prosseguimento da Sess\u00e3o Extraodin\u00e1ria de hoje, ap\u00f3s pedido de cancelamento do advogado de defesa e posi\u00e7\u00e3o da assessoria jur\u00eddica da C\u00e3mara.<\/p>\n<p style=\"text-align: justify;\">Mas num ato r\u00e1pido e sem dar chances sequer do pares se manifestarem, o Presidente em exerc\u00edcio C\u00e9lio Ferregutti que tamb\u00e9m foi o Presidente da Comiss\u00e3o, declarou que o prazo havia vencido e deu o caso como ARQUIVADO, seguindo orienta\u00e7\u00e3o do Departamento Jur\u00eddico.<\/p>\n<p style=\"text-align: justify;\">Em conversa com alguns Vereadores ap\u00f3s o t\u00e9rmino da Sess\u00e3o Extraordin\u00e1ria, deu para perceber o total descontentamento da decis\u00e3o do Presidente.<\/p>\n<p style=\"text-align: justify;\">J\u00e1 h\u00e1 movimenta\u00e7\u00e3o de um Partido Pol\u00edtico que dever\u00e1 pedir reabertura do processo e pedir nova Comiss\u00e3o para atuar no caso. Agora \u00e9 aguardar para ver o desenrolar dos fatos.<\/p>\n<p style=\"text-align: justify;\">Com certeza a popula\u00e7\u00e3o queria a vota\u00e7\u00e3o, independente de resultado, mas para inclusive, medir o grau de coragem, conhecimento e vontade de cada Vereador em sua atua\u00e7\u00e3o pelo munic\u00edpio.<\/p>\n<p style=\"text-align: justify;\">No final em meio a euforia e emo\u00e7\u00e3o da comemora\u00e7\u00e3o a Vereadora Sara e alguns correligion\u00e1rios n\u00e3o usavam m\u00e1scara, o que causou mais preocupa\u00e7\u00e3o na popula\u00e7\u00e3o que luta contra o V\u00edrus.<\/p>\n<p style=\"text-align: justify;\">O Site JZ acompanhou com imparcialidade todos os momentos desde o in\u00edcio do caso, at\u00e9 o desfecho de hoje, que ainda pode render muitas discuss\u00f5es.<\/p>\n<p><img loading=\"lazy\" decoding=\"async\" class=\"alignnone size-full wp-image-49679\" src=\"https:\/\/jorgezanoni.com.br\/2019\/wp-content\/uploads\/2021\/06\/IMG_4530-2.jpg\" alt=\"\" width=\"800\" height=\"459\" srcset=\"https:\/\/jorgezanoni.com.br\/2019\/wp-content\/uploads\/2021\/06\/IMG_4530-2.jpg 800w, https:\/\/jorgezanoni.com.br\/2019\/wp-content\/uploads\/2021\/06\/IMG_4530-2-300x172.jpg 300w, https:\/\/jorgezanoni.com.br\/2019\/wp-content\/uploads\/2021\/06\/IMG_4530-2-768x441.jpg 768w, https:\/\/jorgezanoni.com.br\/2019\/wp-content\/uploads\/2021\/06\/IMG_4530-2-696x399.jpg 696w, https:\/\/jorgezanoni.com.br\/2019\/wp-content\/uploads\/2021\/06\/IMG_4530-2-732x420.jpg 732w\" sizes=\"auto, (max-width: 800px) 100vw, 800px\" \/> <img loading=\"lazy\" decoding=\"async\" class=\"alignnone size-full wp-image-49680\" src=\"https:\/\/jorgezanoni.com.br\/2019\/wp-content\/uploads\/2021\/06\/IMG_4531-2.jpg\" alt=\"\" width=\"800\" height=\"412\" srcset=\"https:\/\/jorgezanoni.com.br\/2019\/wp-content\/uploads\/2021\/06\/IMG_4531-2.jpg 800w, https:\/\/jorgezanoni.com.br\/2019\/wp-content\/uploads\/2021\/06\/IMG_4531-2-300x155.jpg 300w, https:\/\/jorgezanoni.com.br\/2019\/wp-content\/uploads\/2021\/06\/IMG_4531-2-768x396.jpg 768w, https:\/\/jorgezanoni.com.br\/2019\/wp-content\/uploads\/2021\/06\/IMG_4531-2-696x358.jpg 696w\" sizes=\"auto, (max-width: 800px) 100vw, 800px\" \/> <img loading=\"lazy\" decoding=\"async\" class=\"alignnone size-full wp-image-49681\" src=\"https:\/\/jorgezanoni.com.br\/2019\/wp-content\/uploads\/2021\/06\/IMG_4532.jpg\" alt=\"\" width=\"800\" height=\"600\" srcset=\"https:\/\/jorgezanoni.com.br\/2019\/wp-content\/uploads\/2021\/06\/IMG_4532.jpg 800w, https:\/\/jorgezanoni.com.br\/2019\/wp-content\/uploads\/2021\/06\/IMG_4532-300x225.jpg 300w, https:\/\/jorgezanoni.com.br\/2019\/wp-content\/uploads\/2021\/06\/IMG_4532-768x576.jpg 768w, https:\/\/jorgezanoni.com.br\/2019\/wp-content\/uploads\/2021\/06\/IMG_4532-80x60.jpg 80w, https:\/\/jorgezanoni.com.br\/2019\/wp-content\/uploads\/2021\/06\/IMG_4532-265x198.jpg 265w, https:\/\/jorgezanoni.com.br\/2019\/wp-content\/uploads\/2021\/06\/IMG_4532-696x522.jpg 696w, https:\/\/jorgezanoni.com.br\/2019\/wp-content\/uploads\/2021\/06\/IMG_4532-560x420.jpg 560w\" sizes=\"auto, (max-width: 800px) 100vw, 800px\" \/> <img loading=\"lazy\" decoding=\"async\" class=\"alignnone size-full wp-image-49682\" src=\"https:\/\/jorgezanoni.com.br\/2019\/wp-content\/uploads\/2021\/06\/IMG_4535-3.jpg\" alt=\"\" width=\"800\" height=\"926\" srcset=\"https:\/\/jorgezanoni.com.br\/2019\/wp-content\/uploads\/2021\/06\/IMG_4535-3.jpg 800w, https:\/\/jorgezanoni.com.br\/2019\/wp-content\/uploads\/2021\/06\/IMG_4535-3-259x300.jpg 259w, https:\/\/jorgezanoni.com.br\/2019\/wp-content\/uploads\/2021\/06\/IMG_4535-3-768x889.jpg 768w, https:\/\/jorgezanoni.com.br\/2019\/wp-content\/uploads\/2021\/06\/IMG_4535-3-696x806.jpg 696w, https:\/\/jorgezanoni.com.br\/2019\/wp-content\/uploads\/2021\/06\/IMG_4535-3-363x420.jpg 363w\" sizes=\"auto, (max-width: 800px) 100vw, 800px\" \/> <img loading=\"lazy\" decoding=\"async\" class=\"alignnone size-full wp-image-49683\" src=\"https:\/\/jorgezanoni.com.br\/2019\/wp-content\/uploads\/2021\/06\/Sara-sem-mascara-2.jpg\" alt=\"\" width=\"514\" height=\"583\" srcset=\"https:\/\/jorgezanoni.com.br\/2019\/wp-content\/uploads\/2021\/06\/Sara-sem-mascara-2.jpg 514w, https:\/\/jorgezanoni.com.br\/2019\/wp-content\/uploads\/2021\/06\/Sara-sem-mascara-2-264x300.jpg 264w, https:\/\/jorgezanoni.com.br\/2019\/wp-content\/uploads\/2021\/06\/Sara-sem-mascara-2-370x420.jpg 370w\" sizes=\"auto, (max-width: 514px) 100vw, 514px\" \/><\/p>\n<p style=\"text-align: justify;\">Jorge Zanoni<\/p>\n","protected":false},"excerpt":{"rendered":"<p>Maioria dos Vereadores e grande parte da popula\u00e7\u00e3o est\u00e1 sem entender a decis\u00e3o. Em reuni\u00e3o que durou praticamente uma hora, o pedido de poss\u00edvel Cassa\u00e7\u00e3o da Vereadora Sara Scarabelli que tinha como solicitantes o Vereador Davi Silva e o cidad\u00e3o Bruno Brandino, acabou sendo arquivado. Depois de muitas reuni\u00f5es e tempo gasto, o trabalho que [&hellip;]<\/p>\n","protected":false},"author":1,"featured_media":49684,"comment_status":"closed","ping_status":"open","sticky":false,"template":"","format":"standard","meta":{"footnotes":""},"categories":[110,116],"tags":[],"class_list":["post-49678","post","type-post","status-publish","format-standard","has-post-thumbnail","hentry","category-noticiasdestaque","category-politicaeeconomia"],"_links":{"self":[{"href":"https:\/\/jorgezanoni.com.br\/2019\/wp-json\/wp\/v2\/posts\/49678","targetHints":{"allow":["GET"]}}],"collection":[{"href":"https:\/\/jorgezanoni.com.br\/2019\/wp-json\/wp\/v2\/posts"}],"about":[{"href":"https:\/\/jorgezanoni.com.br\/2019\/wp-json\/wp\/v2\/types\/post"}],"author":[{"embeddable":true,"href":"https:\/\/jorgezanoni.com.br\/2019\/wp-json\/wp\/v2\/users\/1"}],"replies":[{"embeddable":true,"href":"https:\/\/jorgezanoni.com.br\/2019\/wp-json\/wp\/v2\/comments?post=49678"}],"version-history":[{"count":0,"href":"https:\/\/jorgezanoni.com.br\/2019\/wp-json\/wp\/v2\/posts\/49678\/revisions"}],"wp:featuredmedia":[{"embeddable":true,"href":"https:\/\/jorgezanoni.com.br\/2019\/wp-json\/wp\/v2\/media\/49684"}],"wp:attachment":[{"href":"https:\/\/jorgezanoni.com.br\/2019\/wp-json\/wp\/v2\/media?parent=49678"}],"wp:term":[{"taxonomy":"category","embeddable":true,"href":"https:\/\/jorgezanoni.com.br\/2019\/wp-json\/wp\/v2\/categories?post=49678"},{"taxonomy":"post_tag","embeddable":true,"href":"https:\/\/jorgezanoni.com.br\/2019\/wp-json\/wp\/v2\/tags?post=49678"}],"curies":[{"name":"wp","href":"https:\/\/api.w.org\/{rel}","templated":true}]}}