{"id":49663,"date":"2021-06-21T15:34:46","date_gmt":"2021-06-21T15:34:46","guid":{"rendered":"https:\/\/jorgezanoni.com.br\/2019\/?p=49663"},"modified":"2021-06-21T15:34:46","modified_gmt":"2021-06-21T15:34:46","slug":"rodrigo-parra-e-exonerado-da-secretaria-de-governo-e-volta-para-a-camara","status":"publish","type":"post","link":"https:\/\/jorgezanoni.com.br\/2019\/rodrigo-parra-e-exonerado-da-secretaria-de-governo-e-volta-para-a-camara\/","title":{"rendered":"Rodrigo Parra \u00e9 exonerado da Secretaria de Governo e volta para a C\u00e2mara"},"content":{"rendered":"<p style=\"text-align: justify;\">Na \u00faltima sexta-feira (18), o Secret\u00e1rio de Governo Rodrigo Parra, foi EXONERADO de suas fun\u00e7\u00f5es e a partir da Sess\u00e3o desta segunda-feira (21) \u00e0 noite volta \u00e0s suas atividades de Vereador.<\/p>\n<p style=\"text-align: justify;\">Enquanto Parra ocupou o cargo no per\u00edodo de quase 6 meses como secret\u00e1rio, o suplente na C\u00e2mara foi Pedro Gon\u00e7alves Vieira que deixa o cargo a partir de hoje. Trabuco estava cumprindo seu 7\u00ba mandado.<\/p>\n<p style=\"text-align: justify;\">Na manh\u00e3 de hoje na C\u00e2mara Municipal, o pr\u00f3prio Vereador Pedro Trabuco havia confirmado a mudan\u00e7a para o Site JZ.<\/p>\n<p style=\"text-align: justify;\">Jorge Zanoni<\/p>\n<div class=\"kvgmc6g5 cxmmr5t8 oygrvhab hcukyx3x c1et5uql ii04i59q\" style=\"text-align: justify;\"><\/div>\n<div class=\"o9v6fnle cxmmr5t8 oygrvhab hcukyx3x c1et5uql ii04i59q\">\n<div dir=\"auto\" style=\"text-align: justify;\"><\/div>\n<\/div>\n","protected":false},"excerpt":{"rendered":"<p>Na \u00faltima sexta-feira (18), o Secret\u00e1rio de Governo Rodrigo Parra, foi EXONERADO de suas fun\u00e7\u00f5es e a partir da Sess\u00e3o desta segunda-feira (21) \u00e0 noite volta \u00e0s suas atividades de Vereador. Enquanto Parra ocupou o cargo no per\u00edodo de quase 6 meses como secret\u00e1rio, o suplente na C\u00e2mara foi Pedro Gon\u00e7alves Vieira que deixa o [&hellip;]<\/p>\n","protected":false},"author":1,"featured_media":49664,"comment_status":"closed","ping_status":"open","sticky":false,"template":"","format":"standard","meta":{"footnotes":""},"categories":[110,116],"tags":[],"class_list":["post-49663","post","type-post","status-publish","format-standard","has-post-thumbnail","hentry","category-noticiasdestaque","category-politicaeeconomia"],"_links":{"self":[{"href":"https:\/\/jorgezanoni.com.br\/2019\/wp-json\/wp\/v2\/posts\/49663","targetHints":{"allow":["GET"]}}],"collection":[{"href":"https:\/\/jorgezanoni.com.br\/2019\/wp-json\/wp\/v2\/posts"}],"about":[{"href":"https:\/\/jorgezanoni.com.br\/2019\/wp-json\/wp\/v2\/types\/post"}],"author":[{"embeddable":true,"href":"https:\/\/jorgezanoni.com.br\/2019\/wp-json\/wp\/v2\/users\/1"}],"replies":[{"embeddable":true,"href":"https:\/\/jorgezanoni.com.br\/2019\/wp-json\/wp\/v2\/comments?post=49663"}],"version-history":[{"count":0,"href":"https:\/\/jorgezanoni.com.br\/2019\/wp-json\/wp\/v2\/posts\/49663\/revisions"}],"wp:featuredmedia":[{"embeddable":true,"href":"https:\/\/jorgezanoni.com.br\/2019\/wp-json\/wp\/v2\/media\/49664"}],"wp:attachment":[{"href":"https:\/\/jorgezanoni.com.br\/2019\/wp-json\/wp\/v2\/media?parent=49663"}],"wp:term":[{"taxonomy":"category","embeddable":true,"href":"https:\/\/jorgezanoni.com.br\/2019\/wp-json\/wp\/v2\/categories?post=49663"},{"taxonomy":"post_tag","embeddable":true,"href":"https:\/\/jorgezanoni.com.br\/2019\/wp-json\/wp\/v2\/tags?post=49663"}],"curies":[{"name":"wp","href":"https:\/\/api.w.org\/{rel}","templated":true}]}}